{"id":146,"date":"2006-04-07T22:44:39","date_gmt":"2006-04-07T22:44:39","guid":{"rendered":"http:\/\/lacuisinedejosy.fr\/com\/?p=146"},"modified":"2012-01-21T20:02:05","modified_gmt":"2012-01-21T19:02:05","slug":"soupe-glacee-a-la-tomate","status":"publish","type":"post","link":"https:\/\/www.lacuisinedejosy.com\/index.php\/soupe-glacee-a-la-tomate\/","title":{"rendered":"Soupe glac\u00e9e \u00e0 la tomate"},"content":{"rendered":"<ul>\n<li>500 g de tomates<\/li>\n<li>2 oignons<\/li>\n<li>2 gousses d\u2019ail<\/li>\n<li>2 c \u00e0 s d\u2019huile d\u2019olive<\/li>\n<li>\u00bd bouquet de persil, basilic, estragon, cerfeuil, menthe<\/li>\n<li>sel &amp; poivre<\/li>\n<\/ul>\n<p>Pelez les tomates, \u00e9p\u00e9pinez-les\u00a0; \u00e9pluchez ail et oignon, lavez les herbes.<\/p>\n<p>Placez tous ces ingr\u00e9dients dans le bol d\u2019un mixeur, ajoutez l\u2019huile, un peu d\u2019eau et r\u00e9duisez en fine pur\u00e9e. Salez &amp; poivrez.<\/p>\n<p>Versez dans une soupi\u00e8re et placez au r\u00e9frig\u00e9rateur pendant au moins deux heures avant de servir.<\/p>\n<p>D\u00e9corez avec des pluches de cerfeuil.<\/p>\n","protected":false},"excerpt":{"rendered":"<p>500 g de tomates 2 oignons 2 gousses d\u2019ail 2 c \u00e0 s d\u2019huile d\u2019olive \u00bd bouquet de persil, basilic, estragon, cerfeuil, menthe sel &amp; poivre Pelez les&#8230; <a href=\"https:\/\/www.lacuisinedejosy.com\/index.php\/soupe-glacee-a-la-tomate\/\">Read More &raquo;<\/a><\/p>\n","protected":false},"author":1,"featured_media":0,"comment_status":"open","ping_status":"open","sticky":false,"template":"","format":"standard","meta":{"footnotes":""},"categories":[5],"tags":[144,49,454,35],"class_list":["post-146","post","type-post","status-publish","format-standard","hentry","category-soupes","tag-ail","tag-oignon","tag-soupe","tag-tomate"],"_links":{"self":[{"href":"https:\/\/www.lacuisinedejosy.com\/index.php\/wp-json\/wp\/v2\/posts\/146","targetHints":{"allow":["GET"]}}],"collection":[{"href":"https:\/\/www.lacuisinedejosy.com\/index.php\/wp-json\/wp\/v2\/posts"}],"about":[{"href":"https:\/\/www.lacuisinedejosy.com\/index.php\/wp-json\/wp\/v2\/types\/post"}],"author":[{"embeddable":true,"href":"https:\/\/www.lacuisinedejosy.com\/index.php\/wp-json\/wp\/v2\/users\/1"}],"replies":[{"embeddable":true,"href":"https:\/\/www.lacuisinedejosy.com\/index.php\/wp-json\/wp\/v2\/comments?post=146"}],"version-history":[{"count":0,"href":"https:\/\/www.lacuisinedejosy.com\/index.php\/wp-json\/wp\/v2\/posts\/146\/revisions"}],"wp:attachment":[{"href":"https:\/\/www.lacuisinedejosy.com\/index.php\/wp-json\/wp\/v2\/media?parent=146"}],"wp:term":[{"taxonomy":"category","embeddable":true,"href":"https:\/\/www.lacuisinedejosy.com\/index.php\/wp-json\/wp\/v2\/categories?post=146"},{"taxonomy":"post_tag","embeddable":true,"href":"https:\/\/www.lacuisinedejosy.com\/index.php\/wp-json\/wp\/v2\/tags?post=146"}],"curies":[{"name":"wp","href":"https:\/\/api.w.org\/{rel}","templated":true}]}}