{"id":179,"date":"2006-04-21T19:48:28","date_gmt":"2006-04-21T19:48:28","guid":{"rendered":"http:\/\/lacuisinedejosy.fr\/com\/?p=179"},"modified":"2012-01-23T23:13:53","modified_gmt":"2012-01-23T22:13:53","slug":"salade-de-radis","status":"publish","type":"post","link":"https:\/\/www.lacuisinedejosy.com\/index.php\/salade-de-radis\/","title":{"rendered":"Salade de radis"},"content":{"rendered":"<ul>\n<li>2 bottes de radis,<\/li>\n<li>250 g de f\u00eata<\/li>\n<li>le jus de deux citrons<\/li>\n<li>2 tomates<\/li>\n<li>1 oignon blanc<\/li>\n<li>2 c \u00e0 soupe d\u2019huile<\/li>\n<li>200 g d\u2019olives noires d\u00e9noyaut\u00e9es<\/li>\n<li>coriandre, sel, poivre<\/li>\n<\/ul>\n<p>Lavez les radis, gardez en six et taillez les autres en rondelles.<\/p>\n<p>Pelez et hachez l\u2019oignon, \u00e9p\u00e9pinez les tomates et taillez-les en d\u00e9s, coupez la f\u00eata en petits cubes.<\/p>\n<p>Placez ces ingr\u00e9dients dans un saladier avec les olives, salez et poivrez, puis ajoutez l\u2019huile et le jus de citron.<\/p>\n<p>M\u00e9langez bien et laissez mac\u00e9rer 20 mn.<\/p>\n<p>Juste avant de servir ajoutez les radis entiers et parsemez le tout de brins de coriandre.<\/p>\n","protected":false},"excerpt":{"rendered":"<p>2 bottes de radis, 250 g de f\u00eata le jus de deux citrons 2 tomates 1 oignon blanc 2 c \u00e0 soupe d\u2019huile 200 g d\u2019olives noires d\u00e9noyaut\u00e9es&#8230; <a href=\"https:\/\/www.lacuisinedejosy.com\/index.php\/salade-de-radis\/\">Read More &raquo;<\/a><\/p>\n","protected":false},"author":1,"featured_media":0,"comment_status":"open","ping_status":"open","sticky":false,"template":"","format":"standard","meta":{"footnotes":""},"categories":[4],"tags":[43,97,49,204,132,326,35],"class_list":["post-179","post","type-post","status-publish","format-standard","hentry","category-entree","tag-citron","tag-feta","tag-oignon","tag-olive","tag-radis","tag-salade","tag-tomate"],"_links":{"self":[{"href":"https:\/\/www.lacuisinedejosy.com\/index.php\/wp-json\/wp\/v2\/posts\/179","targetHints":{"allow":["GET"]}}],"collection":[{"href":"https:\/\/www.lacuisinedejosy.com\/index.php\/wp-json\/wp\/v2\/posts"}],"about":[{"href":"https:\/\/www.lacuisinedejosy.com\/index.php\/wp-json\/wp\/v2\/types\/post"}],"author":[{"embeddable":true,"href":"https:\/\/www.lacuisinedejosy.com\/index.php\/wp-json\/wp\/v2\/users\/1"}],"replies":[{"embeddable":true,"href":"https:\/\/www.lacuisinedejosy.com\/index.php\/wp-json\/wp\/v2\/comments?post=179"}],"version-history":[{"count":0,"href":"https:\/\/www.lacuisinedejosy.com\/index.php\/wp-json\/wp\/v2\/posts\/179\/revisions"}],"wp:attachment":[{"href":"https:\/\/www.lacuisinedejosy.com\/index.php\/wp-json\/wp\/v2\/media?parent=179"}],"wp:term":[{"taxonomy":"category","embeddable":true,"href":"https:\/\/www.lacuisinedejosy.com\/index.php\/wp-json\/wp\/v2\/categories?post=179"},{"taxonomy":"post_tag","embeddable":true,"href":"https:\/\/www.lacuisinedejosy.com\/index.php\/wp-json\/wp\/v2\/tags?post=179"}],"curies":[{"name":"wp","href":"https:\/\/api.w.org\/{rel}","templated":true}]}}