{"id":212,"date":"2006-04-21T23:03:23","date_gmt":"2006-04-21T21:03:23","guid":{"rendered":"http:\/\/lacuisinedejosy.fr\/com\/?p=212"},"modified":"2012-01-10T16:03:16","modified_gmt":"2012-01-10T15:03:16","slug":"mi-chevre-mi-raisin","status":"publish","type":"post","link":"https:\/\/www.lacuisinedejosy.com\/index.php\/mi-chevre-mi-raisin\/","title":{"rendered":"Mi-ch\u00eavre mi-raisin"},"content":{"rendered":"<p>Une assiette fra\u00eeche de raisin noir lav\u00e9 et pr\u00e9par\u00e9 en petits grappillons et de fromages de ch\u00e8vre (rocamadours, cab\u00e9cous ou crottins) pas trop secs et coup\u00e9s en rondelles, pr\u00e9sent\u00e9e avec des piques en bois.<\/p>\n","protected":false},"excerpt":{"rendered":"<p>Une assiette fra\u00eeche de raisin noir lav\u00e9 et pr\u00e9par\u00e9 en petits grappillons et de fromages de ch\u00e8vre (rocamadours, cab\u00e9cous ou crottins) pas trop secs et coup\u00e9s en rondelles,&#8230; <a href=\"https:\/\/www.lacuisinedejosy.com\/index.php\/mi-chevre-mi-raisin\/\">Read More &raquo;<\/a><\/p>\n","protected":false},"author":1,"featured_media":0,"comment_status":"open","ping_status":"open","sticky":false,"template":"","format":"standard","meta":{"footnotes":""},"categories":[12],"tags":[195,265],"class_list":["post-212","post","type-post","status-publish","format-standard","hentry","category-inclassables","tag-fromage","tag-fruit"],"_links":{"self":[{"href":"https:\/\/www.lacuisinedejosy.com\/index.php\/wp-json\/wp\/v2\/posts\/212","targetHints":{"allow":["GET"]}}],"collection":[{"href":"https:\/\/www.lacuisinedejosy.com\/index.php\/wp-json\/wp\/v2\/posts"}],"about":[{"href":"https:\/\/www.lacuisinedejosy.com\/index.php\/wp-json\/wp\/v2\/types\/post"}],"author":[{"embeddable":true,"href":"https:\/\/www.lacuisinedejosy.com\/index.php\/wp-json\/wp\/v2\/users\/1"}],"replies":[{"embeddable":true,"href":"https:\/\/www.lacuisinedejosy.com\/index.php\/wp-json\/wp\/v2\/comments?post=212"}],"version-history":[{"count":0,"href":"https:\/\/www.lacuisinedejosy.com\/index.php\/wp-json\/wp\/v2\/posts\/212\/revisions"}],"wp:attachment":[{"href":"https:\/\/www.lacuisinedejosy.com\/index.php\/wp-json\/wp\/v2\/media?parent=212"}],"wp:term":[{"taxonomy":"category","embeddable":true,"href":"https:\/\/www.lacuisinedejosy.com\/index.php\/wp-json\/wp\/v2\/categories?post=212"},{"taxonomy":"post_tag","embeddable":true,"href":"https:\/\/www.lacuisinedejosy.com\/index.php\/wp-json\/wp\/v2\/tags?post=212"}],"curies":[{"name":"wp","href":"https:\/\/api.w.org\/{rel}","templated":true}]}}