{"id":220,"date":"2006-04-21T23:21:52","date_gmt":"2006-04-21T23:21:52","guid":{"rendered":"http:\/\/lacuisinedejosy.fr\/com\/?p=220"},"modified":"2012-01-23T22:55:10","modified_gmt":"2012-01-23T21:55:10","slug":"salade-de-magret-aux-fruits","status":"publish","type":"post","link":"https:\/\/www.lacuisinedejosy.com\/index.php\/salade-de-magret-aux-fruits\/","title":{"rendered":"Salade de magret aux fruits"},"content":{"rendered":"<p>Un d\u00e9lice&#8230;<\/p>\n<p><!--more--><\/p>\n<ul>\n<li>200 g de magret s\u00e9ch\u00e9, d\u00e9coup\u00e9 en tranches fines<\/li>\n<li>un melon<\/li>\n<li>deux nectarines<\/li>\n<li>une salade romaine<\/li>\n<li>une c \u00e0 soupe de vinaigre de framboises<\/li>\n<li>6 c \u00e0 soupe d\u2019huile d\u2019olive<\/li>\n<li>sel &amp; poivre<\/li>\n<\/ul>\n<p>Coupez le melon en deux, \u00e9liminez les graines, puis \u00e0 l\u2019aide d\u2019une petite cuill\u00e8re ronde, formez des billes dans la pulpe.<\/p>\n<p>Rincez les nectarines, \u00e9pongez-les, coupez-les en deux, \u00f4tez les noyaux, puis \u00e9mincez finement la pulpe.<\/p>\n<p>Effeuillez la romaine, \u00e9liminez les grandes feuilles du tour, rincez les autres feuilles, essorez-les puis recoupez-les pour en faciliter la d\u00e9gustation.<\/p>\n<p>M\u00e9langez dans un bol l\u2019huile d\u2019olive, le vinaigre de framboises, le sel et le poivre.<\/p>\n<p>Sur un plat, r\u00e9partissez les feuilles de romaine, les tranches de nectarine, les billes de melon et les tranches de magret s\u00e9ch\u00e9.<\/p>\n<p>Arrosez avec la sauce et servez aussit\u00f4t.<\/p>\n","protected":false},"excerpt":{"rendered":"<p>Un d\u00e9lice&#8230;<\/p>\n","protected":false},"author":1,"featured_media":0,"comment_status":"open","ping_status":"open","sticky":false,"template":"","format":"standard","meta":{"footnotes":""},"categories":[4],"tags":[490,122,278,326],"class_list":["post-220","post","type-post","status-publish","format-standard","hentry","category-entree","tag-canard","tag-magret","tag-melon","tag-salade"],"_links":{"self":[{"href":"https:\/\/www.lacuisinedejosy.com\/index.php\/wp-json\/wp\/v2\/posts\/220","targetHints":{"allow":["GET"]}}],"collection":[{"href":"https:\/\/www.lacuisinedejosy.com\/index.php\/wp-json\/wp\/v2\/posts"}],"about":[{"href":"https:\/\/www.lacuisinedejosy.com\/index.php\/wp-json\/wp\/v2\/types\/post"}],"author":[{"embeddable":true,"href":"https:\/\/www.lacuisinedejosy.com\/index.php\/wp-json\/wp\/v2\/users\/1"}],"replies":[{"embeddable":true,"href":"https:\/\/www.lacuisinedejosy.com\/index.php\/wp-json\/wp\/v2\/comments?post=220"}],"version-history":[{"count":0,"href":"https:\/\/www.lacuisinedejosy.com\/index.php\/wp-json\/wp\/v2\/posts\/220\/revisions"}],"wp:attachment":[{"href":"https:\/\/www.lacuisinedejosy.com\/index.php\/wp-json\/wp\/v2\/media?parent=220"}],"wp:term":[{"taxonomy":"category","embeddable":true,"href":"https:\/\/www.lacuisinedejosy.com\/index.php\/wp-json\/wp\/v2\/categories?post=220"},{"taxonomy":"post_tag","embeddable":true,"href":"https:\/\/www.lacuisinedejosy.com\/index.php\/wp-json\/wp\/v2\/tags?post=220"}],"curies":[{"name":"wp","href":"https:\/\/api.w.org\/{rel}","templated":true}]}}