{"id":240,"date":"2006-04-22T00:27:30","date_gmt":"2006-04-22T00:27:30","guid":{"rendered":"http:\/\/lacuisinedejosy.fr\/com\/?p=240"},"modified":"2012-03-07T14:30:05","modified_gmt":"2012-03-07T13:30:05","slug":"fenouils-braises","status":"publish","type":"post","link":"https:\/\/www.lacuisinedejosy.com\/index.php\/fenouils-braises\/","title":{"rendered":"Fenouils brais\u00e9s"},"content":{"rendered":"<ul>\n<\/ul>\n<p>Couper les bulbes de fenouil en quatre, les blanchir dix minutes.<\/p>\n<p>Les \u00e9goutter et les d\u00e9poser dans une po\u00eale anti-adh\u00e9sive, ajouter sel, poivre, jus d\u2019orange, coriandre, anis vert et sucre en poudre, laisser caram\u00e9liser un peu.<\/p>\n<p>Servir avec des c\u00f4tes de porc grill\u00e9es.<\/p>\n","protected":false},"excerpt":{"rendered":"<p>Couper les bulbes de fenouil en quatre, les blanchir dix minutes. Les \u00e9goutter et les d\u00e9poser dans une po\u00eale anti-adh\u00e9sive, ajouter sel, poivre, jus d\u2019orange, coriandre, anis vert&#8230; <a href=\"https:\/\/www.lacuisinedejosy.com\/index.php\/fenouils-braises\/\">Read More &raquo;<\/a><\/p>\n","protected":false},"author":1,"featured_media":0,"comment_status":"open","ping_status":"open","sticky":false,"template":"","format":"standard","meta":{"footnotes":""},"categories":[10],"tags":[236,146,235,42],"class_list":["post-240","post","type-post","status-publish","format-standard","hentry","category-accompagnements","tag-anis","tag-coriandre","tag-fenouil","tag-orange"],"_links":{"self":[{"href":"https:\/\/www.lacuisinedejosy.com\/index.php\/wp-json\/wp\/v2\/posts\/240","targetHints":{"allow":["GET"]}}],"collection":[{"href":"https:\/\/www.lacuisinedejosy.com\/index.php\/wp-json\/wp\/v2\/posts"}],"about":[{"href":"https:\/\/www.lacuisinedejosy.com\/index.php\/wp-json\/wp\/v2\/types\/post"}],"author":[{"embeddable":true,"href":"https:\/\/www.lacuisinedejosy.com\/index.php\/wp-json\/wp\/v2\/users\/1"}],"replies":[{"embeddable":true,"href":"https:\/\/www.lacuisinedejosy.com\/index.php\/wp-json\/wp\/v2\/comments?post=240"}],"version-history":[{"count":0,"href":"https:\/\/www.lacuisinedejosy.com\/index.php\/wp-json\/wp\/v2\/posts\/240\/revisions"}],"wp:attachment":[{"href":"https:\/\/www.lacuisinedejosy.com\/index.php\/wp-json\/wp\/v2\/media?parent=240"}],"wp:term":[{"taxonomy":"category","embeddable":true,"href":"https:\/\/www.lacuisinedejosy.com\/index.php\/wp-json\/wp\/v2\/categories?post=240"},{"taxonomy":"post_tag","embeddable":true,"href":"https:\/\/www.lacuisinedejosy.com\/index.php\/wp-json\/wp\/v2\/tags?post=240"}],"curies":[{"name":"wp","href":"https:\/\/api.w.org\/{rel}","templated":true}]}}