{"id":262,"date":"2006-04-22T01:34:10","date_gmt":"2006-04-22T01:34:10","guid":{"rendered":"http:\/\/lacuisinedejosy.fr\/com\/?p=262"},"modified":"2012-10-25T06:35:51","modified_gmt":"2012-10-25T04:35:51","slug":"saute-de-porc-aux-capres","status":"publish","type":"post","link":"https:\/\/www.lacuisinedejosy.com\/index.php\/saute-de-porc-aux-capres\/","title":{"rendered":"Saut\u00e9 de porc aux c\u00e2pres"},"content":{"rendered":"<p>Un saut\u00e9 de porc d\u00e9licieux et vite pr\u00e9par\u00e9 qui peut se cuire en trente minutes en autocuiseur&#8230;<\/p>\n<p><!--more--><\/p>\n<p>Coupez l\u2019\u00e9paule de porc en gros cubes ou laissez les joues enti\u00e8res.<\/p>\n<p>Epluchez et hachez finement les oignons, \u00e9crasez les gousses d&rsquo;ail et \u00e9mincez-les, \u00e9ventuellement \u00e9mincez le c\u00e9leri. Chauffez la mati\u00e8re grasse dans une cocotte et faites-y revenir les morceaux de porc de tous c\u00f4t\u00e9s.<\/p>\n<p>Salez, poivrez puis ajoutez oignon, ail, c\u00e9leri, feuilles de sauge, thym et laurier. Remuez le tout avec une cuill\u00e8re en bois et laissez rissoler un peu.<\/p>\n<p>Saupoudrez ensuite avec la farine, remuez \u00e0 nouveau et mouillez avec le vin blanc et l\u2019eau, couvrez la cocotte et laissez mijoter.<\/p>\n<p>Apr\u00e8s une heure trente minutes de cuisson, ajoutez les cornichons coup\u00e9s en rondelles et les c\u00e2pres dans la cocotte. Rectifiez l\u2019assaisonnement et servez bien chaud avec des pommes de terre vapeur ou en pur\u00e9e.<\/p>\n<p>&nbsp;<\/p>\n<p><a href=\"http:\/\/lacuisinedejosy.com\/wp-content\/uploads\/2006\/04\/IMG_2229.jpg\"><img decoding=\"async\" class=\"alignleft size-thumbnail wp-image-3691\" title=\"IMG_2229\" src=\"http:\/\/lacuisinedejosy.com\/wp-content\/uploads\/2006\/04\/IMG_2229-150x150.jpg\" alt=\"\" width=\"150\" height=\"150\" \/><\/a><a href=\"http:\/\/lacuisinedejosy.com\/wp-content\/uploads\/2006\/04\/IMG_2250.jpg\"><img decoding=\"async\" class=\"alignleft size-thumbnail wp-image-3692\" title=\"IMG_2250\" src=\"http:\/\/lacuisinedejosy.com\/wp-content\/uploads\/2006\/04\/IMG_2250-150x150.jpg\" alt=\"\" width=\"150\" height=\"150\" \/><\/a><a href=\"http:\/\/lacuisinedejosy.com\/wp-content\/uploads\/2006\/04\/IMG_2227.jpg\"><img decoding=\"async\" class=\"alignleft size-thumbnail wp-image-3693\" title=\"IMG_2227\" src=\"http:\/\/lacuisinedejosy.com\/wp-content\/uploads\/2006\/04\/IMG_2227-150x150.jpg\" alt=\"\" width=\"150\" height=\"150\" \/><\/a><\/p>\n","protected":false},"excerpt":{"rendered":"<p>Un saut\u00e9 de porc d\u00e9licieux et vite pr\u00e9par\u00e9 qui peut se cuire en trente minutes en autocuiseur&#8230;<\/p>\n","protected":false},"author":1,"featured_media":3694,"comment_status":"open","ping_status":"open","sticky":false,"template":"","format":"standard","meta":{"footnotes":""},"categories":[8],"tags":[573,171,54,459,477,282],"class_list":["post-262","post","type-post","status-publish","format-standard","has-post-thumbnail","hentry","category-viandes","tag-autocuiseur","tag-capre","tag-porc","tag-sauge","tag-saute","tag-vin"],"_links":{"self":[{"href":"https:\/\/www.lacuisinedejosy.com\/index.php\/wp-json\/wp\/v2\/posts\/262","targetHints":{"allow":["GET"]}}],"collection":[{"href":"https:\/\/www.lacuisinedejosy.com\/index.php\/wp-json\/wp\/v2\/posts"}],"about":[{"href":"https:\/\/www.lacuisinedejosy.com\/index.php\/wp-json\/wp\/v2\/types\/post"}],"author":[{"embeddable":true,"href":"https:\/\/www.lacuisinedejosy.com\/index.php\/wp-json\/wp\/v2\/users\/1"}],"replies":[{"embeddable":true,"href":"https:\/\/www.lacuisinedejosy.com\/index.php\/wp-json\/wp\/v2\/comments?post=262"}],"version-history":[{"count":0,"href":"https:\/\/www.lacuisinedejosy.com\/index.php\/wp-json\/wp\/v2\/posts\/262\/revisions"}],"wp:featuredmedia":[{"embeddable":true,"href":"https:\/\/www.lacuisinedejosy.com\/index.php\/wp-json\/wp\/v2\/media\/3694"}],"wp:attachment":[{"href":"https:\/\/www.lacuisinedejosy.com\/index.php\/wp-json\/wp\/v2\/media?parent=262"}],"wp:term":[{"taxonomy":"category","embeddable":true,"href":"https:\/\/www.lacuisinedejosy.com\/index.php\/wp-json\/wp\/v2\/categories?post=262"},{"taxonomy":"post_tag","embeddable":true,"href":"https:\/\/www.lacuisinedejosy.com\/index.php\/wp-json\/wp\/v2\/tags?post=262"}],"curies":[{"name":"wp","href":"https:\/\/api.w.org\/{rel}","templated":true}]}}