{"id":319,"date":"2006-04-26T21:48:20","date_gmt":"2006-04-26T21:48:20","guid":{"rendered":"http:\/\/lacuisinedejosy.fr\/com\/?p=319"},"modified":"2020-06-27T17:48:11","modified_gmt":"2020-06-27T15:48:11","slug":"mascarpone-aux-amandes","status":"publish","type":"post","link":"https:\/\/www.lacuisinedejosy.com\/index.php\/mascarpone-aux-amandes\/","title":{"rendered":"Mascarpone aux amandes"},"content":{"rendered":"<p>Battre les jaunes d&rsquo;\u0153ufs et le sucre, ajouter le mascarpone, une tasse de caf\u00e9, un peu de Cognac et les amandes effil\u00e9es.<\/p>\n<p>Recouvrir un moule \u00e0 manqu\u00e9 de biscuits \u00e0 la cuill\u00e8re tremp\u00e9s dans le caf\u00e9 et le Cognac,<\/p>\n<p>Verser dessus la pr\u00e9paration et couvrir le tout avec le reste des biscuits imbib\u00e9s.<\/p>\n<p>Garder au r\u00e9frig\u00e9rateur environ deux heures avant de servir<\/p>\n","protected":false},"excerpt":{"rendered":"<p>Battre les jaunes d&rsquo;\u0153ufs et le sucre, ajouter le mascarpone, une tasse de caf\u00e9, un peu de Cognac et les amandes effil\u00e9es. Recouvrir un moule \u00e0 manqu\u00e9 de&#8230; <a href=\"https:\/\/www.lacuisinedejosy.com\/index.php\/mascarpone-aux-amandes\/\">Read More &raquo;<\/a><\/p>\n","protected":false},"author":1,"featured_media":0,"comment_status":"open","ping_status":"open","sticky":false,"template":"","format":"standard","meta":{"footnotes":""},"categories":[19],"tags":[71,73,267,86,228],"class_list":["post-319","post","type-post","status-publish","format-standard","hentry","category-cremes-flans-entremets","tag-amande","tag-cafe","tag-mascarpone","tag-oeuf","tag-sucre"],"_links":{"self":[{"href":"https:\/\/www.lacuisinedejosy.com\/index.php\/wp-json\/wp\/v2\/posts\/319","targetHints":{"allow":["GET"]}}],"collection":[{"href":"https:\/\/www.lacuisinedejosy.com\/index.php\/wp-json\/wp\/v2\/posts"}],"about":[{"href":"https:\/\/www.lacuisinedejosy.com\/index.php\/wp-json\/wp\/v2\/types\/post"}],"author":[{"embeddable":true,"href":"https:\/\/www.lacuisinedejosy.com\/index.php\/wp-json\/wp\/v2\/users\/1"}],"replies":[{"embeddable":true,"href":"https:\/\/www.lacuisinedejosy.com\/index.php\/wp-json\/wp\/v2\/comments?post=319"}],"version-history":[{"count":3,"href":"https:\/\/www.lacuisinedejosy.com\/index.php\/wp-json\/wp\/v2\/posts\/319\/revisions"}],"predecessor-version":[{"id":6385,"href":"https:\/\/www.lacuisinedejosy.com\/index.php\/wp-json\/wp\/v2\/posts\/319\/revisions\/6385"}],"wp:attachment":[{"href":"https:\/\/www.lacuisinedejosy.com\/index.php\/wp-json\/wp\/v2\/media?parent=319"}],"wp:term":[{"taxonomy":"category","embeddable":true,"href":"https:\/\/www.lacuisinedejosy.com\/index.php\/wp-json\/wp\/v2\/categories?post=319"},{"taxonomy":"post_tag","embeddable":true,"href":"https:\/\/www.lacuisinedejosy.com\/index.php\/wp-json\/wp\/v2\/tags?post=319"}],"curies":[{"name":"wp","href":"https:\/\/api.w.org\/{rel}","templated":true}]}}