{"id":348,"date":"2006-05-01T21:54:09","date_gmt":"2006-05-01T21:54:09","guid":{"rendered":"http:\/\/lacuisinedejosy.fr\/com\/?p=348"},"modified":"2012-10-24T11:41:09","modified_gmt":"2012-10-24T09:41:09","slug":"entremet-coco","status":"publish","type":"post","link":"https:\/\/www.lacuisinedejosy.com\/index.php\/entremet-coco\/","title":{"rendered":"Entremet coco"},"content":{"rendered":"<p>Une recette de Jean-Pierre&#8230;<\/p>\n<p><!--more--><\/p>\n<p>Une boite de lait concentr\u00e9 sucr\u00e9 (400 grammes) La m\u00eame quantit\u00e9 de lait entier Trois \u0153ufs battus Un sachet de 125 grammes de noix de coco r\u00e2p\u00e9e<\/p>\n<p>Bien m\u00e9langer tous les ingr\u00e9dients,<\/p>\n<p>Faire cuire dans un moule \u00e0 cake beurr\u00e9, en le pla\u00e7ant dans un bain marie, four \u00e0 180\u00b0, environ une demie heure.<\/p>\n<p>&nbsp;<\/p>\n<p><a href=\"http:\/\/lacuisinedejosy.com\/wp-content\/uploads\/2006\/05\/IMG_0798.jpg\"><img decoding=\"async\" class=\"alignleft size-thumbnail wp-image-3665\" title=\"IMG_0798\" src=\"http:\/\/lacuisinedejosy.com\/wp-content\/uploads\/2006\/05\/IMG_0798-150x150.jpg\" alt=\"\" width=\"150\" height=\"150\" \/><\/a><\/p>\n","protected":false},"excerpt":{"rendered":"<p>Une recette de Jean-Pierre&#8230;<\/p>\n","protected":false},"author":1,"featured_media":3667,"comment_status":"open","ping_status":"open","sticky":false,"template":"","format":"standard","meta":{"footnotes":""},"categories":[20],"tags":[362,61,363,350,86],"class_list":["post-348","post","type-post","status-publish","format-standard","has-post-thumbnail","hentry","category-desserts-aux-fruits-secs","tag-entremet","tag-lait","tag-lait-concentre","tag-noix-de-coco","tag-oeuf"],"_links":{"self":[{"href":"https:\/\/www.lacuisinedejosy.com\/index.php\/wp-json\/wp\/v2\/posts\/348","targetHints":{"allow":["GET"]}}],"collection":[{"href":"https:\/\/www.lacuisinedejosy.com\/index.php\/wp-json\/wp\/v2\/posts"}],"about":[{"href":"https:\/\/www.lacuisinedejosy.com\/index.php\/wp-json\/wp\/v2\/types\/post"}],"author":[{"embeddable":true,"href":"https:\/\/www.lacuisinedejosy.com\/index.php\/wp-json\/wp\/v2\/users\/1"}],"replies":[{"embeddable":true,"href":"https:\/\/www.lacuisinedejosy.com\/index.php\/wp-json\/wp\/v2\/comments?post=348"}],"version-history":[{"count":0,"href":"https:\/\/www.lacuisinedejosy.com\/index.php\/wp-json\/wp\/v2\/posts\/348\/revisions"}],"wp:featuredmedia":[{"embeddable":true,"href":"https:\/\/www.lacuisinedejosy.com\/index.php\/wp-json\/wp\/v2\/media\/3667"}],"wp:attachment":[{"href":"https:\/\/www.lacuisinedejosy.com\/index.php\/wp-json\/wp\/v2\/media?parent=348"}],"wp:term":[{"taxonomy":"category","embeddable":true,"href":"https:\/\/www.lacuisinedejosy.com\/index.php\/wp-json\/wp\/v2\/categories?post=348"},{"taxonomy":"post_tag","embeddable":true,"href":"https:\/\/www.lacuisinedejosy.com\/index.php\/wp-json\/wp\/v2\/tags?post=348"}],"curies":[{"name":"wp","href":"https:\/\/api.w.org\/{rel}","templated":true}]}}