{"id":350,"date":"2006-05-01T21:55:54","date_gmt":"2006-05-01T21:55:54","guid":{"rendered":"http:\/\/lacuisinedejosy.fr\/com\/?p=350"},"modified":"2012-01-05T19:43:04","modified_gmt":"2012-01-05T18:43:04","slug":"flan-poires-amandes","status":"publish","type":"post","link":"https:\/\/www.lacuisinedejosy.com\/index.php\/flan-poires-amandes\/","title":{"rendered":"Flan poires amandes"},"content":{"rendered":"<p>On put remplacer les poires par des abricots&#8230;<\/p>\n<p><!--more--><\/p>\n<ul>\n<li>Une boite de lait concentr\u00e9 sucr\u00e9 (400 grammes)<\/li>\n<li>4 \u0153ufs<\/li>\n<li>60 g de poudre d&rsquo;amande<\/li>\n<li>Une boite de poires au sirop<\/li>\n<\/ul>\n<p>Dans un saladier, m\u00e9langer le lait concentr\u00e9 sucr\u00e9 et les \u0153ufs, bien battre le m\u00e9lange pour le faire mousser, ajouter la poudre d&rsquo;amandes, continuer de bien m\u00e9langer.<\/p>\n<p>Ecraser 450 g de poires au sirop, les incorporer \u00e0 la pr\u00e9paration pr\u00e9c\u00e9dente.<\/p>\n<p>R\u00e9partir dans huit ramequins, d\u00e9corer d&rsquo;amandes effil\u00e9es et faire cuire au four, th. 5 (180\u00b0) pendant 25 minutes.<\/p>\n<p>On peut remplacer les poires par des abricots au sirop.<\/p>\n","protected":false},"excerpt":{"rendered":"<p>On put remplacer les poires par des abricots&#8230;<\/p>\n","protected":false},"author":1,"featured_media":0,"comment_status":"open","ping_status":"open","sticky":false,"template":"","format":"standard","meta":{"footnotes":""},"categories":[19],"tags":[71,245,61,86,74],"class_list":["post-350","post","type-post","status-publish","format-standard","hentry","category-cremes-flans-entremets","tag-amande","tag-flan","tag-lait","tag-oeuf","tag-poire"],"_links":{"self":[{"href":"https:\/\/www.lacuisinedejosy.com\/index.php\/wp-json\/wp\/v2\/posts\/350","targetHints":{"allow":["GET"]}}],"collection":[{"href":"https:\/\/www.lacuisinedejosy.com\/index.php\/wp-json\/wp\/v2\/posts"}],"about":[{"href":"https:\/\/www.lacuisinedejosy.com\/index.php\/wp-json\/wp\/v2\/types\/post"}],"author":[{"embeddable":true,"href":"https:\/\/www.lacuisinedejosy.com\/index.php\/wp-json\/wp\/v2\/users\/1"}],"replies":[{"embeddable":true,"href":"https:\/\/www.lacuisinedejosy.com\/index.php\/wp-json\/wp\/v2\/comments?post=350"}],"version-history":[{"count":0,"href":"https:\/\/www.lacuisinedejosy.com\/index.php\/wp-json\/wp\/v2\/posts\/350\/revisions"}],"wp:attachment":[{"href":"https:\/\/www.lacuisinedejosy.com\/index.php\/wp-json\/wp\/v2\/media?parent=350"}],"wp:term":[{"taxonomy":"category","embeddable":true,"href":"https:\/\/www.lacuisinedejosy.com\/index.php\/wp-json\/wp\/v2\/categories?post=350"},{"taxonomy":"post_tag","embeddable":true,"href":"https:\/\/www.lacuisinedejosy.com\/index.php\/wp-json\/wp\/v2\/tags?post=350"}],"curies":[{"name":"wp","href":"https:\/\/api.w.org\/{rel}","templated":true}]}}