{"id":367,"date":"2006-05-01T22:24:48","date_gmt":"2006-05-01T22:24:48","guid":{"rendered":"http:\/\/lacuisinedejosy.fr\/com\/?p=367"},"modified":"2012-01-10T01:37:10","modified_gmt":"2012-01-10T00:37:10","slug":"roses-des-sables","status":"publish","type":"post","link":"https:\/\/www.lacuisinedejosy.com\/index.php\/roses-des-sables\/","title":{"rendered":"Roses des sables"},"content":{"rendered":"<p>Celles de mon enfance&#8230;<\/p>\n<p><!--more--><\/p>\n<ul>\n<li>Un paquet de corn-flakes (170 g)<\/li>\n<li>150 g de v\u00e9g\u00e9taline<\/li>\n<li>150 g de chocolat noir<\/li>\n<li>150 g de chocolat au lait<\/li>\n<li>125 g de sucre glace<\/li>\n<\/ul>\n<p>Faire fondre, dans une sauteuse, les deux chocolats.<\/p>\n<p>Ajouter la v\u00e9g\u00e9taline puis les corn-flakes en remuant tr\u00e8s d\u00e9licatement.<\/p>\n<p>Faire des petits tas de roses des sables, saupoudrer de sucre glace.<\/p>\n","protected":false},"excerpt":{"rendered":"<p>Celles de mon enfance&#8230;<\/p>\n","protected":false},"author":1,"featured_media":0,"comment_status":"open","ping_status":"open","sticky":false,"template":"","format":"standard","meta":{"footnotes":""},"categories":[23],"tags":[41,373,228,374],"class_list":["post-367","post","type-post","status-publish","format-standard","hentry","category-desserts-divers","tag-chocolat-2","tag-corn-flakes","tag-sucre","tag-vegetaline"],"_links":{"self":[{"href":"https:\/\/www.lacuisinedejosy.com\/index.php\/wp-json\/wp\/v2\/posts\/367","targetHints":{"allow":["GET"]}}],"collection":[{"href":"https:\/\/www.lacuisinedejosy.com\/index.php\/wp-json\/wp\/v2\/posts"}],"about":[{"href":"https:\/\/www.lacuisinedejosy.com\/index.php\/wp-json\/wp\/v2\/types\/post"}],"author":[{"embeddable":true,"href":"https:\/\/www.lacuisinedejosy.com\/index.php\/wp-json\/wp\/v2\/users\/1"}],"replies":[{"embeddable":true,"href":"https:\/\/www.lacuisinedejosy.com\/index.php\/wp-json\/wp\/v2\/comments?post=367"}],"version-history":[{"count":0,"href":"https:\/\/www.lacuisinedejosy.com\/index.php\/wp-json\/wp\/v2\/posts\/367\/revisions"}],"wp:attachment":[{"href":"https:\/\/www.lacuisinedejosy.com\/index.php\/wp-json\/wp\/v2\/media?parent=367"}],"wp:term":[{"taxonomy":"category","embeddable":true,"href":"https:\/\/www.lacuisinedejosy.com\/index.php\/wp-json\/wp\/v2\/categories?post=367"},{"taxonomy":"post_tag","embeddable":true,"href":"https:\/\/www.lacuisinedejosy.com\/index.php\/wp-json\/wp\/v2\/tags?post=367"}],"curies":[{"name":"wp","href":"https:\/\/api.w.org\/{rel}","templated":true}]}}