{"id":412,"date":"2006-05-02T20:20:31","date_gmt":"2006-05-02T20:20:31","guid":{"rendered":"http:\/\/lacuisinedejosy.fr\/com\/?p=412"},"modified":"2020-06-27T18:08:30","modified_gmt":"2020-06-27T16:08:30","slug":"petits-pots-de-creme-au-chocolat","status":"publish","type":"post","link":"https:\/\/www.lacuisinedejosy.com\/index.php\/petits-pots-de-creme-au-chocolat\/","title":{"rendered":"Petits pots de cr\u00e8me au chocolat"},"content":{"rendered":"<p>Dans une casserole, \u00e0 feu doux, faire fondre le chocolat amer dans la cr\u00e8me fra\u00eeche, \u00a0ajouter les jaunes d&rsquo;\u0153ufs et m\u00e9langer avec un fouet pour obtenir un m\u00e9lange tr\u00e8s onctueux.<\/p>\n<p>Ajouter le beurre sal\u00e9 puis le parfum, soit le Cognac, soit de l&rsquo;orange (jus + \u00e9corce confite en tr\u00e8s petit d\u00e9s).<\/p>\n<p>Verser la pr\u00e9paration dans des petits ramequins ou des tasses \u00e0 caf\u00e9, et laisser quelques heures au r\u00e9frig\u00e9rateur avant de servir avec des biscuits.<\/p>\n","protected":false},"excerpt":{"rendered":"<p>Dans une casserole, \u00e0 feu doux, faire fondre le chocolat amer dans la cr\u00e8me fra\u00eeche, \u00a0ajouter les jaunes d&rsquo;\u0153ufs et m\u00e9langer avec un fouet pour obtenir un m\u00e9lange&#8230; <a href=\"https:\/\/www.lacuisinedejosy.com\/index.php\/petits-pots-de-creme-au-chocolat\/\">Read More &raquo;<\/a><\/p>\n","protected":false},"author":1,"featured_media":4753,"comment_status":"open","ping_status":"open","sticky":false,"template":"","format":"standard","meta":{"footnotes":""},"categories":[19,15],"tags":[50,41,83,86,268],"class_list":["post-412","post","type-post","status-publish","format-standard","has-post-thumbnail","hentry","category-cremes-flans-entremets","category-chocolat","tag-beurre","tag-chocolat-2","tag-creme-fraiche","tag-oeuf","tag-petit-pot"],"_links":{"self":[{"href":"https:\/\/www.lacuisinedejosy.com\/index.php\/wp-json\/wp\/v2\/posts\/412","targetHints":{"allow":["GET"]}}],"collection":[{"href":"https:\/\/www.lacuisinedejosy.com\/index.php\/wp-json\/wp\/v2\/posts"}],"about":[{"href":"https:\/\/www.lacuisinedejosy.com\/index.php\/wp-json\/wp\/v2\/types\/post"}],"author":[{"embeddable":true,"href":"https:\/\/www.lacuisinedejosy.com\/index.php\/wp-json\/wp\/v2\/users\/1"}],"replies":[{"embeddable":true,"href":"https:\/\/www.lacuisinedejosy.com\/index.php\/wp-json\/wp\/v2\/comments?post=412"}],"version-history":[{"count":6,"href":"https:\/\/www.lacuisinedejosy.com\/index.php\/wp-json\/wp\/v2\/posts\/412\/revisions"}],"predecessor-version":[{"id":6389,"href":"https:\/\/www.lacuisinedejosy.com\/index.php\/wp-json\/wp\/v2\/posts\/412\/revisions\/6389"}],"wp:featuredmedia":[{"embeddable":true,"href":"https:\/\/www.lacuisinedejosy.com\/index.php\/wp-json\/wp\/v2\/media\/4753"}],"wp:attachment":[{"href":"https:\/\/www.lacuisinedejosy.com\/index.php\/wp-json\/wp\/v2\/media?parent=412"}],"wp:term":[{"taxonomy":"category","embeddable":true,"href":"https:\/\/www.lacuisinedejosy.com\/index.php\/wp-json\/wp\/v2\/categories?post=412"},{"taxonomy":"post_tag","embeddable":true,"href":"https:\/\/www.lacuisinedejosy.com\/index.php\/wp-json\/wp\/v2\/tags?post=412"}],"curies":[{"name":"wp","href":"https:\/\/api.w.org\/{rel}","templated":true}]}}