{"id":420,"date":"2006-05-02T20:44:10","date_gmt":"2006-05-02T20:44:10","guid":{"rendered":"http:\/\/lacuisinedejosy.fr\/com\/?p=420"},"modified":"2013-09-14T07:27:17","modified_gmt":"2013-09-14T05:27:17","slug":"les-muffins-aux-framboises","status":"publish","type":"post","link":"https:\/\/www.lacuisinedejosy.com\/index.php\/les-muffins-aux-framboises\/","title":{"rendered":"Muffins aux framboises"},"content":{"rendered":"<p>On peut remplacer les framboises et la confiture par 150 g de p\u00e9pites de chocolat noir&#8230;<\/p>\n<p><!--more--><\/p>\n<p>Pr\u00e9parer le m\u00e9lange humide dans un premier saladier<\/p>\n<p>puis\u00a0le m\u00e9lange sec dans un deuxi\u00e8me saladier.<\/p>\n<p>Verser le m\u00e9lange humide dans le m\u00e9lange sec sans trop insister, il suffit juste de mouiller la farine, laisser les grumeaux.<\/p>\n<p>Remplir des moules \u00e0 muffins et cuire \u00e0 four pr\u00e9chauff\u00e9 \u00e0 180\u00b0 pendant environ vingt minutes, mais surveiller et v\u00e9rifier la cuisson.<\/p>\n<p>&nbsp;<\/p>\n<p>&nbsp;<\/p>\n","protected":false},"excerpt":{"rendered":"<p>On peut remplacer les framboises et la confiture par 150 g de p\u00e9pites de chocolat noir&#8230;<\/p>\n","protected":false},"author":1,"featured_media":4885,"comment_status":"open","ping_status":"open","sticky":false,"template":"","format":"standard","meta":{"footnotes":""},"categories":[22],"tags":[50,41,307,284,337,86,228],"class_list":["post-420","post","type-post","status-publish","format-standard","has-post-thumbnail","hentry","category-gateaux-pates","tag-beurre","tag-chocolat-2","tag-confiture","tag-framboise","tag-muffin","tag-oeuf","tag-sucre"],"_links":{"self":[{"href":"https:\/\/www.lacuisinedejosy.com\/index.php\/wp-json\/wp\/v2\/posts\/420","targetHints":{"allow":["GET"]}}],"collection":[{"href":"https:\/\/www.lacuisinedejosy.com\/index.php\/wp-json\/wp\/v2\/posts"}],"about":[{"href":"https:\/\/www.lacuisinedejosy.com\/index.php\/wp-json\/wp\/v2\/types\/post"}],"author":[{"embeddable":true,"href":"https:\/\/www.lacuisinedejosy.com\/index.php\/wp-json\/wp\/v2\/users\/1"}],"replies":[{"embeddable":true,"href":"https:\/\/www.lacuisinedejosy.com\/index.php\/wp-json\/wp\/v2\/comments?post=420"}],"version-history":[{"count":0,"href":"https:\/\/www.lacuisinedejosy.com\/index.php\/wp-json\/wp\/v2\/posts\/420\/revisions"}],"wp:featuredmedia":[{"embeddable":true,"href":"https:\/\/www.lacuisinedejosy.com\/index.php\/wp-json\/wp\/v2\/media\/4885"}],"wp:attachment":[{"href":"https:\/\/www.lacuisinedejosy.com\/index.php\/wp-json\/wp\/v2\/media?parent=420"}],"wp:term":[{"taxonomy":"category","embeddable":true,"href":"https:\/\/www.lacuisinedejosy.com\/index.php\/wp-json\/wp\/v2\/categories?post=420"},{"taxonomy":"post_tag","embeddable":true,"href":"https:\/\/www.lacuisinedejosy.com\/index.php\/wp-json\/wp\/v2\/tags?post=420"}],"curies":[{"name":"wp","href":"https:\/\/api.w.org\/{rel}","templated":true}]}}