{"id":423,"date":"2006-05-02T20:46:35","date_gmt":"2006-05-02T20:46:35","guid":{"rendered":"http:\/\/lacuisinedejosy.fr\/com\/?p=423"},"modified":"2017-08-31T16:22:18","modified_gmt":"2017-08-31T14:22:18","slug":"tarte-aux-poires-et-au-chocolat","status":"publish","type":"post","link":"https:\/\/www.lacuisinedejosy.com\/index.php\/tarte-aux-poires-et-au-chocolat\/","title":{"rendered":"Tarte aux poires et au chocolat"},"content":{"rendered":"<p>Un pur d\u00e9lice&#8230;<\/p>\n<p><!--more--><\/p>\n<p><strong><span style=\"line-height: 1.5;\">Four pr\u00e9chauff\u00e9 \u00e0 190\u00b0C<\/span><\/strong><\/p>\n<p><span style=\"line-height: 1.5;\">Garnir un moule \u00e0 tarte avec la p\u00e2te sucr\u00e9e, laisser reposer au frais une demi-heure.<\/span><\/p>\n<p>Pendant ce temps, \u00e9plucher les poires, les \u00e9mincer\u00a0; puis les disposer sur la p\u00e2te et faire cuire trente minutes.<\/p>\n<p>Pendant la cuisson de la tarte aux poires, faire fondre le chocolat dans la cr\u00e8me fra\u00eeche, \u00e9ventuellement ajouter l\u2019alcool, et bien battre cette ganache pour l&rsquo;a\u00e9rer.<\/p>\n<p>Lorsque la tarte est cuite, napper les poires avec la cr\u00e8me ganache, saupoudrer le dessus d\u2019amandes effil\u00e9es et grill\u00e9es \u00e0 sec dans une po\u00eale anti-adh\u00e9sive, laisser refroidir pour d\u00e9guster.<\/p>\n<p><a href=\"http:\/\/www.lacuisinedejosy.com\/wp-content\/uploads\/2006\/05\/TARTE-POIRE-CHOCOLAT-e1504188258715.jpg\"><img fetchpriority=\"high\" decoding=\"async\" class=\"alignleft size-medium wp-image-5937\" src=\"http:\/\/www.lacuisinedejosy.com\/wp-content\/uploads\/2006\/05\/TARTE-POIRE-CHOCOLAT-300x225.jpg\" alt=\"\" width=\"300\" height=\"225\" \/><\/a><\/p>\n<p><a href=\"http:\/\/www.lacuisinedejosy.com\/wp-content\/uploads\/2006\/05\/tarte-choco-poire-e1504188081655.jpg\"><img decoding=\"async\" class=\"alignleft size-medium wp-image-5940\" src=\"http:\/\/www.lacuisinedejosy.com\/wp-content\/uploads\/2006\/05\/tarte-choco-poire-300x225.jpg\" alt=\"\" width=\"300\" height=\"225\" \/><\/a><\/p>\n","protected":false},"excerpt":{"rendered":"<p>Un pur d\u00e9lice&#8230;<\/p>\n","protected":false},"author":1,"featured_media":5938,"comment_status":"open","ping_status":"open","sticky":false,"template":"","format":"standard","meta":{"footnotes":""},"categories":[15,21,22],"tags":[41,32,74,66],"class_list":["post-423","post","type-post","status-publish","format-standard","has-post-thumbnail","hentry","category-chocolat","category-desserts-aux-fruits-ni-agrumes-ni-pommes","category-gateaux-pates","tag-chocolat-2","tag-pate","tag-poire","tag-tarte"],"_links":{"self":[{"href":"https:\/\/www.lacuisinedejosy.com\/index.php\/wp-json\/wp\/v2\/posts\/423","targetHints":{"allow":["GET"]}}],"collection":[{"href":"https:\/\/www.lacuisinedejosy.com\/index.php\/wp-json\/wp\/v2\/posts"}],"about":[{"href":"https:\/\/www.lacuisinedejosy.com\/index.php\/wp-json\/wp\/v2\/types\/post"}],"author":[{"embeddable":true,"href":"https:\/\/www.lacuisinedejosy.com\/index.php\/wp-json\/wp\/v2\/users\/1"}],"replies":[{"embeddable":true,"href":"https:\/\/www.lacuisinedejosy.com\/index.php\/wp-json\/wp\/v2\/comments?post=423"}],"version-history":[{"count":4,"href":"https:\/\/www.lacuisinedejosy.com\/index.php\/wp-json\/wp\/v2\/posts\/423\/revisions"}],"predecessor-version":[{"id":5942,"href":"https:\/\/www.lacuisinedejosy.com\/index.php\/wp-json\/wp\/v2\/posts\/423\/revisions\/5942"}],"wp:featuredmedia":[{"embeddable":true,"href":"https:\/\/www.lacuisinedejosy.com\/index.php\/wp-json\/wp\/v2\/media\/5938"}],"wp:attachment":[{"href":"https:\/\/www.lacuisinedejosy.com\/index.php\/wp-json\/wp\/v2\/media?parent=423"}],"wp:term":[{"taxonomy":"category","embeddable":true,"href":"https:\/\/www.lacuisinedejosy.com\/index.php\/wp-json\/wp\/v2\/categories?post=423"},{"taxonomy":"post_tag","embeddable":true,"href":"https:\/\/www.lacuisinedejosy.com\/index.php\/wp-json\/wp\/v2\/tags?post=423"}],"curies":[{"name":"wp","href":"https:\/\/api.w.org\/{rel}","templated":true}]}}