{"id":486,"date":"2006-05-02T22:59:29","date_gmt":"2006-05-02T22:59:29","guid":{"rendered":"http:\/\/lacuisinedejosy.fr\/com\/?p=486"},"modified":"2012-01-06T06:54:36","modified_gmt":"2012-01-06T05:54:36","slug":"croustillant-de-cerises-au-chocolat","status":"publish","type":"post","link":"https:\/\/www.lacuisinedejosy.com\/index.php\/croustillant-de-cerises-au-chocolat\/","title":{"rendered":"Croustillant de cerises au chocolat"},"content":{"rendered":"<p>Tr\u00e8s facile \u00e0 faire&#8230;<\/p>\n<p><!--more--><\/p>\n<p>Faire une p\u00e2te style crumble avec\u00a0:<\/p>\n<ul>\n<li>100 g de farine<\/li>\n<li>100 g de beurre sal\u00e9<\/li>\n<li>120 g de cassonade<\/li>\n<li>50 g d\u2019amandes en poudre<\/li>\n<li>1 c \u00e0 c de cannelle en poudre<\/li>\n<\/ul>\n<p>Faire mac\u00e9rer 600 g de cerises d\u00e9noyaut\u00e9es pendant 15 mn dans 4 c \u00e0 s de kirsch.<\/p>\n<p>Pr\u00e9voir 200 g de chocolat noir concass\u00e9.<\/p>\n<p>Mettre les fruits dans des plats individuels, puis des morceaux de chocolat, puis la p\u00e2te (un peu \u00e9paisse).<\/p>\n<p>Cuire environ vingt minutes dans un four pr\u00e9chauff\u00e9 \u00e0 180\u00b0C.<\/p>\n<p>NB\u00a0: \u00e0 la place des cerises, on peut utiliser des griottes, des poires, des framboises, \u2026<\/p>\n","protected":false},"excerpt":{"rendered":"<p>Tr\u00e8s facile \u00e0 faire&#8230;<\/p>\n","protected":false},"author":1,"featured_media":0,"comment_status":"open","ping_status":"open","sticky":false,"template":"","format":"standard","meta":{"footnotes":""},"categories":[18],"tags":[310,41,251],"class_list":["post-486","post","type-post","status-publish","format-standard","hentry","category-crumbles","tag-cerise","tag-chocolat-2","tag-crumble"],"_links":{"self":[{"href":"https:\/\/www.lacuisinedejosy.com\/index.php\/wp-json\/wp\/v2\/posts\/486","targetHints":{"allow":["GET"]}}],"collection":[{"href":"https:\/\/www.lacuisinedejosy.com\/index.php\/wp-json\/wp\/v2\/posts"}],"about":[{"href":"https:\/\/www.lacuisinedejosy.com\/index.php\/wp-json\/wp\/v2\/types\/post"}],"author":[{"embeddable":true,"href":"https:\/\/www.lacuisinedejosy.com\/index.php\/wp-json\/wp\/v2\/users\/1"}],"replies":[{"embeddable":true,"href":"https:\/\/www.lacuisinedejosy.com\/index.php\/wp-json\/wp\/v2\/comments?post=486"}],"version-history":[{"count":0,"href":"https:\/\/www.lacuisinedejosy.com\/index.php\/wp-json\/wp\/v2\/posts\/486\/revisions"}],"wp:attachment":[{"href":"https:\/\/www.lacuisinedejosy.com\/index.php\/wp-json\/wp\/v2\/media?parent=486"}],"wp:term":[{"taxonomy":"category","embeddable":true,"href":"https:\/\/www.lacuisinedejosy.com\/index.php\/wp-json\/wp\/v2\/categories?post=486"},{"taxonomy":"post_tag","embeddable":true,"href":"https:\/\/www.lacuisinedejosy.com\/index.php\/wp-json\/wp\/v2\/tags?post=486"}],"curies":[{"name":"wp","href":"https:\/\/api.w.org\/{rel}","templated":true}]}}