{"id":49,"date":"2006-04-02T23:22:02","date_gmt":"2006-04-02T23:22:02","guid":{"rendered":"http:\/\/lacuisinedejosy.fr\/com\/?p=49"},"modified":"2012-01-23T23:46:21","modified_gmt":"2012-01-23T22:46:21","slug":"rosace-de-tomates-a-la-feta","status":"publish","type":"post","link":"https:\/\/www.lacuisinedejosy.com\/index.php\/rosace-de-tomates-a-la-feta\/","title":{"rendered":"Rosace de tomates \u00e0 la f\u00e9ta"},"content":{"rendered":"<p>200 g de f\u00eata, 500 g de tomates olivettes, une cuiller\u00e9e \u00e0 soupe d\u2019origan frais cisel\u00e9, quelques feuilles de basilic, sel et poivre du moulin, huile d\u2019olive, vinaigre.<\/p>\n<p>Sur un grand plat, disposez des rondelles d\u2019olivettes en rosace, sur une seule couche, salez et poivrez, parsemez d\u2019origan.<\/p>\n<p>Pour la sauce vinaigrette, m\u00e9langez de l\u2019huile d\u2019olive, du vinaigre, du sel et du poivre.<\/p>\n<p>D\u00e9coupez la f\u00eata en fines tranches et dressez-la en rosace sur les tomates, parsemez de basilic.<\/p>\n<p>Versez la sauce sur la salade et servez.<\/p>\n","protected":false},"excerpt":{"rendered":"<p>200 g de f\u00eata, 500 g de tomates olivettes, une cuiller\u00e9e \u00e0 soupe d\u2019origan frais cisel\u00e9, quelques feuilles de basilic, sel et poivre du moulin, huile d\u2019olive, vinaigre&#8230;. <a href=\"https:\/\/www.lacuisinedejosy.com\/index.php\/rosace-de-tomates-a-la-feta\/\">Read More &raquo;<\/a><\/p>\n","protected":false},"author":1,"featured_media":0,"comment_status":"open","ping_status":"open","sticky":false,"template":"","format":"standard","meta":{"footnotes":""},"categories":[4],"tags":[112,97,565,35],"class_list":["post-49","post","type-post","status-publish","format-standard","hentry","category-entree","tag-basilic","tag-feta","tag-rosace","tag-tomate"],"_links":{"self":[{"href":"https:\/\/www.lacuisinedejosy.com\/index.php\/wp-json\/wp\/v2\/posts\/49","targetHints":{"allow":["GET"]}}],"collection":[{"href":"https:\/\/www.lacuisinedejosy.com\/index.php\/wp-json\/wp\/v2\/posts"}],"about":[{"href":"https:\/\/www.lacuisinedejosy.com\/index.php\/wp-json\/wp\/v2\/types\/post"}],"author":[{"embeddable":true,"href":"https:\/\/www.lacuisinedejosy.com\/index.php\/wp-json\/wp\/v2\/users\/1"}],"replies":[{"embeddable":true,"href":"https:\/\/www.lacuisinedejosy.com\/index.php\/wp-json\/wp\/v2\/comments?post=49"}],"version-history":[{"count":0,"href":"https:\/\/www.lacuisinedejosy.com\/index.php\/wp-json\/wp\/v2\/posts\/49\/revisions"}],"wp:attachment":[{"href":"https:\/\/www.lacuisinedejosy.com\/index.php\/wp-json\/wp\/v2\/media?parent=49"}],"wp:term":[{"taxonomy":"category","embeddable":true,"href":"https:\/\/www.lacuisinedejosy.com\/index.php\/wp-json\/wp\/v2\/categories?post=49"},{"taxonomy":"post_tag","embeddable":true,"href":"https:\/\/www.lacuisinedejosy.com\/index.php\/wp-json\/wp\/v2\/tags?post=49"}],"curies":[{"name":"wp","href":"https:\/\/api.w.org\/{rel}","templated":true}]}}