{"id":5193,"date":"2015-09-24T22:35:58","date_gmt":"2015-09-24T20:35:58","guid":{"rendered":"http:\/\/www.lacuisinedejosy.com\/?p=5193"},"modified":"2015-10-18T17:14:43","modified_gmt":"2015-10-18T15:14:43","slug":"clafoutis-brocolis-et-gruyere","status":"publish","type":"post","link":"https:\/\/www.lacuisinedejosy.com\/index.php\/clafoutis-brocolis-et-gruyere\/","title":{"rendered":"Clafoutis brocolis et gruy\u00e8re"},"content":{"rendered":"<p><em>Recette d&rsquo;apr\u00e8s \u00ab\u00a0Les meilleurs clafoutis\u00a0\u00bb de Christophe Felder<\/em><\/p>\n<p>&nbsp;<\/p>\n<p>Pr\u00e9chauffez le four \u00e0 240\u00b0 (thermostat 8).<\/p>\n<p>M\u00e9langez dans un saladier les oeufs, le lait et la cr\u00e8me fra\u00eeche. Salez et poivrez. Ajoutez enfin la f\u00e9cule de ma\u00efs et la muscade.<\/p>\n<p>Versez le m\u00e9lange dans le moule pr\u00e9alablement beurr\u00e9 et tapiss\u00e9 de chapelure.<\/p>\n<p>Ajoutez le fromage, puis les brocolis en les rangeant bien dans le moule.<\/p>\n<p>Faites cuire au four pendant 30 \u00e0 40 minutes.<\/p>\n<p>&nbsp;<\/p>\n<p><em>Taille du moule pr\u00e9conis\u00e9: 25 cm de diam\u00e8tre ou 26 x 18 x 5 cm.<\/em><\/p>\n","protected":false},"excerpt":{"rendered":"<p>Recette d&rsquo;apr\u00e8s \u00ab\u00a0Les meilleurs clafoutis\u00a0\u00bb de Christophe Felder &nbsp; Pr\u00e9chauffez le four \u00e0 240\u00b0 (thermostat 8). M\u00e9langez dans un saladier les oeufs, le lait et la cr\u00e8me fra\u00eeche&#8230;. <a href=\"https:\/\/www.lacuisinedejosy.com\/index.php\/clafoutis-brocolis-et-gruyere\/\">Read More &raquo;<\/a><\/p>\n","protected":false},"author":1,"featured_media":5194,"comment_status":"open","ping_status":"open","sticky":false,"template":"","format":"standard","meta":{"footnotes":""},"categories":[10],"tags":[595,68,596,505,61,86],"class_list":["post-5193","post","type-post","status-publish","format-standard","has-post-thumbnail","hentry","category-accompagnements","tag-brocolis","tag-clafoutis","tag-creme","tag-gruyere","tag-lait","tag-oeuf"],"_links":{"self":[{"href":"https:\/\/www.lacuisinedejosy.com\/index.php\/wp-json\/wp\/v2\/posts\/5193","targetHints":{"allow":["GET"]}}],"collection":[{"href":"https:\/\/www.lacuisinedejosy.com\/index.php\/wp-json\/wp\/v2\/posts"}],"about":[{"href":"https:\/\/www.lacuisinedejosy.com\/index.php\/wp-json\/wp\/v2\/types\/post"}],"author":[{"embeddable":true,"href":"https:\/\/www.lacuisinedejosy.com\/index.php\/wp-json\/wp\/v2\/users\/1"}],"replies":[{"embeddable":true,"href":"https:\/\/www.lacuisinedejosy.com\/index.php\/wp-json\/wp\/v2\/comments?post=5193"}],"version-history":[{"count":1,"href":"https:\/\/www.lacuisinedejosy.com\/index.php\/wp-json\/wp\/v2\/posts\/5193\/revisions"}],"predecessor-version":[{"id":5195,"href":"https:\/\/www.lacuisinedejosy.com\/index.php\/wp-json\/wp\/v2\/posts\/5193\/revisions\/5195"}],"wp:featuredmedia":[{"embeddable":true,"href":"https:\/\/www.lacuisinedejosy.com\/index.php\/wp-json\/wp\/v2\/media\/5194"}],"wp:attachment":[{"href":"https:\/\/www.lacuisinedejosy.com\/index.php\/wp-json\/wp\/v2\/media?parent=5193"}],"wp:term":[{"taxonomy":"category","embeddable":true,"href":"https:\/\/www.lacuisinedejosy.com\/index.php\/wp-json\/wp\/v2\/categories?post=5193"},{"taxonomy":"post_tag","embeddable":true,"href":"https:\/\/www.lacuisinedejosy.com\/index.php\/wp-json\/wp\/v2\/tags?post=5193"}],"curies":[{"name":"wp","href":"https:\/\/api.w.org\/{rel}","templated":true}]}}