{"id":520,"date":"2006-06-04T22:57:47","date_gmt":"2006-06-04T22:57:47","guid":{"rendered":"http:\/\/lacuisinedejosy.fr\/com\/?p=520"},"modified":"2020-06-27T18:49:21","modified_gmt":"2020-06-27T16:49:21","slug":"petits-pots-au-cafe","status":"publish","type":"post","link":"https:\/\/www.lacuisinedejosy.com\/index.php\/petits-pots-au-cafe\/","title":{"rendered":"Petits pots de cr\u00e8me au caf\u00e9"},"content":{"rendered":"<p>Petites cr\u00e8mes toutes simples&#8230;<\/p>\n<p>Four pr\u00e9chauff\u00e9 \u00e0 150\u00b0C<\/p>\n<p>Battre les oeufs, ajouter le sucre en poudre et remuer \u00e9nergiquement.<\/p>\n<p>Faire chauffer le lait et le caf\u00e9 \u00e0 feu doux, verser sur les oeufs battus et m\u00e9langer.<\/p>\n<p>R\u00e9partir la pr\u00e9paration dans des ramequins, les disposer dans un plat \u00e0 four (mettre du papier sulfuris\u00e9 perfor\u00e9 au fond), verser de l&rsquo;eau \u00e0 mi-hauteur, faites cuire au bain-marie pendant trente minutes.<\/p>\n<p>Laisser les cr\u00e8mes refroidir puis les placer au r\u00e9frig\u00e9rateur. Servir frais.<\/p>\n","protected":false},"excerpt":{"rendered":"<p>Petites cr\u00e8mes toutes simples&#8230;<\/p>\n","protected":false},"author":1,"featured_media":0,"comment_status":"open","ping_status":"open","sticky":false,"template":"","format":"standard","meta":{"footnotes":""},"categories":[19],"tags":[73,61,86,268,228],"class_list":["post-520","post","type-post","status-publish","format-standard","hentry","category-cremes-flans-entremets","tag-cafe","tag-lait","tag-oeuf","tag-petit-pot","tag-sucre"],"_links":{"self":[{"href":"https:\/\/www.lacuisinedejosy.com\/index.php\/wp-json\/wp\/v2\/posts\/520","targetHints":{"allow":["GET"]}}],"collection":[{"href":"https:\/\/www.lacuisinedejosy.com\/index.php\/wp-json\/wp\/v2\/posts"}],"about":[{"href":"https:\/\/www.lacuisinedejosy.com\/index.php\/wp-json\/wp\/v2\/types\/post"}],"author":[{"embeddable":true,"href":"https:\/\/www.lacuisinedejosy.com\/index.php\/wp-json\/wp\/v2\/users\/1"}],"replies":[{"embeddable":true,"href":"https:\/\/www.lacuisinedejosy.com\/index.php\/wp-json\/wp\/v2\/comments?post=520"}],"version-history":[{"count":3,"href":"https:\/\/www.lacuisinedejosy.com\/index.php\/wp-json\/wp\/v2\/posts\/520\/revisions"}],"predecessor-version":[{"id":6394,"href":"https:\/\/www.lacuisinedejosy.com\/index.php\/wp-json\/wp\/v2\/posts\/520\/revisions\/6394"}],"wp:attachment":[{"href":"https:\/\/www.lacuisinedejosy.com\/index.php\/wp-json\/wp\/v2\/media?parent=520"}],"wp:term":[{"taxonomy":"category","embeddable":true,"href":"https:\/\/www.lacuisinedejosy.com\/index.php\/wp-json\/wp\/v2\/categories?post=520"},{"taxonomy":"post_tag","embeddable":true,"href":"https:\/\/www.lacuisinedejosy.com\/index.php\/wp-json\/wp\/v2\/tags?post=520"}],"curies":[{"name":"wp","href":"https:\/\/api.w.org\/{rel}","templated":true}]}}