{"id":524,"date":"2006-08-14T18:35:13","date_gmt":"2006-08-14T18:35:13","guid":{"rendered":"http:\/\/lacuisinedejosy.fr\/com\/?p=524"},"modified":"2016-08-09T07:07:40","modified_gmt":"2016-08-09T05:07:40","slug":"tarte-amandine-aux-abricots-ou-aux-mirabelles","status":"publish","type":"post","link":"https:\/\/www.lacuisinedejosy.com\/index.php\/tarte-amandine-aux-abricots-ou-aux-mirabelles\/","title":{"rendered":"Tarte amandine aux mirabelles ou aux abricots"},"content":{"rendered":"<p>Un d\u00e9lice&#8230;<\/p>\n<p><!--more--><\/p>\n<p><strong>Four pr\u00e9chauff\u00e9 \u00e0 200\u00b0C<\/strong><\/p>\n<p>Faire une p\u00e2te bris\u00e9e en incorporant tous les ingr\u00e9dients, ajouter de l&rsquo;eau en fonction de la farine, mettre en boule et laisser reposer une demi heure.<\/p>\n<p>Pendant le repos de la p\u00e2te, pr\u00e9parer la cr\u00e8me amandine en malaxant avec une fourchette le beurre en pommade, le sucre et la poudre d&rsquo;amande, ajouter la ma\u00efzena, un oeuf entier et une ou deux cuiller\u00e9es \u00e0 soupe d&rsquo;Amaretto ; cela peut se faire \u00e0 l&rsquo;aide d&rsquo;un robot.<\/p>\n<p>Pr\u00e9parer les fruits (\u00e0 laver et d\u00e9noyauter).<\/p>\n<p>Etaler la p\u00e2te, la d\u00e9poser dans un moule en m\u00e9tal beurr\u00e9, recouvrir le fond de p\u00e2te de cr\u00e8me amandine puis des fruits rang\u00e9s bien serr\u00e9s.<\/p>\n<p>Facultatif\u00a0: saupoudrer d&rsquo;amandes effil\u00e9es et\/ou de pistaches non sal\u00e9es hach\u00e9es<\/p>\n<p>Faire cuire trente cinq minutes, dur\u00e9e \u00e0 adapter selon les fours.<\/p>\n<p>Cette tarte peut se servir ti\u00e8de, accompagn\u00e9e d&rsquo;une boule de glace \u00e0 la vanille ou au nougat.<\/p>\n<p><strong>Note<\/strong> : cette tarte est encore meilleure r\u00e9alis\u00e9e avec une p\u00e2te sucr\u00e9e.<\/p>\n<p>&nbsp;<\/p>\n<p><a href=\"http:\/\/lacuisinedejosy.com\/wp-content\/uploads\/2006\/08\/Tarte-mirabelles.jpg\"><img fetchpriority=\"high\" decoding=\"async\" class=\"alignleft size-medium wp-image-4880\" src=\"http:\/\/lacuisinedejosy.com\/wp-content\/uploads\/2006\/08\/Tarte-mirabelles-300x224.jpg\" alt=\"Tarte mirabelles\" width=\"300\" height=\"224\" srcset=\"https:\/\/www.lacuisinedejosy.com\/wp-content\/uploads\/2006\/08\/Tarte-mirabelles-300x224.jpg 300w, https:\/\/www.lacuisinedejosy.com\/wp-content\/uploads\/2006\/08\/Tarte-mirabelles-500x373.jpg 500w, https:\/\/www.lacuisinedejosy.com\/wp-content\/uploads\/2006\/08\/Tarte-mirabelles.jpg 640w\" sizes=\"(max-width: 300px) 100vw, 300px\" \/><\/a><\/p>\n<p><a href=\"http:\/\/lacuisinedejosy.com\/wp-content\/uploads\/2006\/08\/Tarte-aux-mirabelles.jpg\"><img decoding=\"async\" class=\"alignleft size-medium wp-image-4867\" src=\"http:\/\/lacuisinedejosy.com\/wp-content\/uploads\/2006\/08\/Tarte-aux-mirabelles-300x225.jpg\" alt=\"Tarte aux mirabelles\" width=\"300\" height=\"225\" srcset=\"https:\/\/www.lacuisinedejosy.com\/wp-content\/uploads\/2006\/08\/Tarte-aux-mirabelles-300x225.jpg 300w, https:\/\/www.lacuisinedejosy.com\/wp-content\/uploads\/2006\/08\/Tarte-aux-mirabelles-500x375.jpg 500w, https:\/\/www.lacuisinedejosy.com\/wp-content\/uploads\/2006\/08\/Tarte-aux-mirabelles.jpg 640w\" sizes=\"(max-width: 300px) 100vw, 300px\" \/><\/a><\/p>\n","protected":false},"excerpt":{"rendered":"<p>Un d\u00e9lice&#8230;<\/p>\n","protected":false},"author":1,"featured_media":4881,"comment_status":"open","ping_status":"open","sticky":false,"template":"","format":"standard","meta":{"footnotes":""},"categories":[22],"tags":[71,50,75,32,228,66],"class_list":["post-524","post","type-post","status-publish","format-standard","has-post-thumbnail","hentry","category-gateaux-pates","tag-amande","tag-beurre","tag-mirabelle","tag-pate","tag-sucre","tag-tarte"],"_links":{"self":[{"href":"https:\/\/www.lacuisinedejosy.com\/index.php\/wp-json\/wp\/v2\/posts\/524","targetHints":{"allow":["GET"]}}],"collection":[{"href":"https:\/\/www.lacuisinedejosy.com\/index.php\/wp-json\/wp\/v2\/posts"}],"about":[{"href":"https:\/\/www.lacuisinedejosy.com\/index.php\/wp-json\/wp\/v2\/types\/post"}],"author":[{"embeddable":true,"href":"https:\/\/www.lacuisinedejosy.com\/index.php\/wp-json\/wp\/v2\/users\/1"}],"replies":[{"embeddable":true,"href":"https:\/\/www.lacuisinedejosy.com\/index.php\/wp-json\/wp\/v2\/comments?post=524"}],"version-history":[{"count":7,"href":"https:\/\/www.lacuisinedejosy.com\/index.php\/wp-json\/wp\/v2\/posts\/524\/revisions"}],"predecessor-version":[{"id":5578,"href":"https:\/\/www.lacuisinedejosy.com\/index.php\/wp-json\/wp\/v2\/posts\/524\/revisions\/5578"}],"wp:featuredmedia":[{"embeddable":true,"href":"https:\/\/www.lacuisinedejosy.com\/index.php\/wp-json\/wp\/v2\/media\/4881"}],"wp:attachment":[{"href":"https:\/\/www.lacuisinedejosy.com\/index.php\/wp-json\/wp\/v2\/media?parent=524"}],"wp:term":[{"taxonomy":"category","embeddable":true,"href":"https:\/\/www.lacuisinedejosy.com\/index.php\/wp-json\/wp\/v2\/categories?post=524"},{"taxonomy":"post_tag","embeddable":true,"href":"https:\/\/www.lacuisinedejosy.com\/index.php\/wp-json\/wp\/v2\/tags?post=524"}],"curies":[{"name":"wp","href":"https:\/\/api.w.org\/{rel}","templated":true}]}}