{"id":5314,"date":"2016-01-16T08:29:00","date_gmt":"2016-01-16T07:29:00","guid":{"rendered":"http:\/\/www.lacuisinedejosy.com\/?p=5314"},"modified":"2016-02-14T14:17:51","modified_gmt":"2016-02-14T13:17:51","slug":"mini-muffins-aux-anchois-et-aux-olives","status":"publish","type":"post","link":"https:\/\/www.lacuisinedejosy.com\/index.php\/mini-muffins-aux-anchois-et-aux-olives\/","title":{"rendered":"Mini muffins aux anchois et aux olives"},"content":{"rendered":"<p><em>Une recette vue sur le \u00a0livre \u00ab\u00a0les mini, un max d&rsquo;id\u00e9es gourmandes\u00a0\u00bb de Tupperware, l\u00e9g\u00e8rement modifi\u00e9e.<\/em><\/p>\n<p><strong>Four pr\u00e9chauff\u00e9 \u00e0 190\u00b0C<\/strong><\/p>\n<p>Hacher les anchois et les olives d\u00e9noyaut\u00e9es, r\u00e9server.<\/p>\n<p>Dans un petit saladier, m\u00e9langer tous les ingr\u00e9dients puis ajouter le hachis olives\/anchois, m\u00e9langer de nouveau.<\/p>\n<p>Remplir les alv\u00e9oles d&rsquo;un moule en silicone, poser ce moule sur une plaque ou une grille froide et faire cuire pendant 15 \u00e0 18 mn, surveiller car le temps de cuisson d\u00e9pend des fours.<\/p>\n<p>D\u00e9guster ti\u00e8de ou froid.<\/p>\n<p>&nbsp;<\/p>\n","protected":false},"excerpt":{"rendered":"<p>Une recette vue sur le \u00a0livre \u00ab\u00a0les mini, un max d&rsquo;id\u00e9es gourmandes\u00a0\u00bb de Tupperware, l\u00e9g\u00e8rement modifi\u00e9e. Four pr\u00e9chauff\u00e9 \u00e0 190\u00b0C Hacher les anchois et les olives d\u00e9noyaut\u00e9es, r\u00e9server&#8230;. <a href=\"https:\/\/www.lacuisinedejosy.com\/index.php\/mini-muffins-aux-anchois-et-aux-olives\/\">Read More &raquo;<\/a><\/p>\n","protected":false},"author":1,"featured_media":5315,"comment_status":"open","ping_status":"open","sticky":false,"template":"","format":"standard","meta":{"footnotes":""},"categories":[79],"tags":[],"class_list":["post-5314","post","type-post","status-publish","format-standard","has-post-thumbnail","hentry","category-aperitif"],"_links":{"self":[{"href":"https:\/\/www.lacuisinedejosy.com\/index.php\/wp-json\/wp\/v2\/posts\/5314","targetHints":{"allow":["GET"]}}],"collection":[{"href":"https:\/\/www.lacuisinedejosy.com\/index.php\/wp-json\/wp\/v2\/posts"}],"about":[{"href":"https:\/\/www.lacuisinedejosy.com\/index.php\/wp-json\/wp\/v2\/types\/post"}],"author":[{"embeddable":true,"href":"https:\/\/www.lacuisinedejosy.com\/index.php\/wp-json\/wp\/v2\/users\/1"}],"replies":[{"embeddable":true,"href":"https:\/\/www.lacuisinedejosy.com\/index.php\/wp-json\/wp\/v2\/comments?post=5314"}],"version-history":[{"count":4,"href":"https:\/\/www.lacuisinedejosy.com\/index.php\/wp-json\/wp\/v2\/posts\/5314\/revisions"}],"predecessor-version":[{"id":5396,"href":"https:\/\/www.lacuisinedejosy.com\/index.php\/wp-json\/wp\/v2\/posts\/5314\/revisions\/5396"}],"wp:featuredmedia":[{"embeddable":true,"href":"https:\/\/www.lacuisinedejosy.com\/index.php\/wp-json\/wp\/v2\/media\/5315"}],"wp:attachment":[{"href":"https:\/\/www.lacuisinedejosy.com\/index.php\/wp-json\/wp\/v2\/media?parent=5314"}],"wp:term":[{"taxonomy":"category","embeddable":true,"href":"https:\/\/www.lacuisinedejosy.com\/index.php\/wp-json\/wp\/v2\/categories?post=5314"},{"taxonomy":"post_tag","embeddable":true,"href":"https:\/\/www.lacuisinedejosy.com\/index.php\/wp-json\/wp\/v2\/tags?post=5314"}],"curies":[{"name":"wp","href":"https:\/\/api.w.org\/{rel}","templated":true}]}}