{"id":5320,"date":"2016-01-16T08:45:13","date_gmt":"2016-01-16T07:45:13","guid":{"rendered":"http:\/\/www.lacuisinedejosy.com\/?p=5320"},"modified":"2016-02-14T14:17:22","modified_gmt":"2016-02-14T13:17:22","slug":"mini-canneles-au-yaourt-bacon-et-sesame-grille","status":"publish","type":"post","link":"https:\/\/www.lacuisinedejosy.com\/index.php\/mini-canneles-au-yaourt-bacon-et-sesame-grille\/","title":{"rendered":"Mini cannel\u00e9s au yaourt, bacon et s\u00e9same grill\u00e9"},"content":{"rendered":"<p><em>Une recette vue sur le livre \u00ab\u00a0les mini, un max d&rsquo;id\u00e9es gourmandes\u00a0\u00bb de Tupperware, l\u00e9g\u00e8rement modifi\u00e9e.<\/em><\/p>\n<p>&nbsp;<\/p>\n<p><strong>Four pr\u00e9chauff\u00e9 \u00e0 180\u00b0C<\/strong><\/p>\n<p>&nbsp;<\/p>\n<p>Faire griller les graines de s\u00e9same dans une petite po\u00eale (attention \u00e7a dore tr\u00e8s vite) r\u00e9server.<\/p>\n<p>Couper le bacon en petits d\u00e9s.<\/p>\n<p>Dans un saladier, avec un fouet\u00a0m\u00e9langer la farine, la levure, la ma\u00efz\u00e9na, le yaourt et les oeufs jusqu&rsquo;\u00e0 obtenir un m\u00e9lange homog\u00e8ne.<\/p>\n<p>Ajouter l&rsquo;huile et le vin blanc, m\u00e9langer \u00e0 nouveau puis ajouter le bacon, les graines de s\u00e9same grill\u00e9es, les herbes de Provence, le sel et le poivre, m\u00e9langer encore une fois.<\/p>\n<p>Remplir un moule \u00e0 mini cannel\u00e9s (ou tout autre forme), le poser sur une plaque froide et enfourner pour 25 minutes.<\/p>\n<p>D\u00e9guster ti\u00e8de ou froid.<\/p>\n<p>&nbsp;<\/p>\n<p>&nbsp;<\/p>\n","protected":false},"excerpt":{"rendered":"<p>Une recette vue sur le livre \u00ab\u00a0les mini, un max d&rsquo;id\u00e9es gourmandes\u00a0\u00bb de Tupperware, l\u00e9g\u00e8rement modifi\u00e9e. &nbsp; Four pr\u00e9chauff\u00e9 \u00e0 180\u00b0C &nbsp; Faire griller les graines de s\u00e9same&#8230; <a href=\"https:\/\/www.lacuisinedejosy.com\/index.php\/mini-canneles-au-yaourt-bacon-et-sesame-grille\/\">Read More &raquo;<\/a><\/p>\n","protected":false},"author":1,"featured_media":5322,"comment_status":"open","ping_status":"open","sticky":false,"template":"","format":"standard","meta":{"footnotes":""},"categories":[79],"tags":[],"class_list":["post-5320","post","type-post","status-publish","format-standard","has-post-thumbnail","hentry","category-aperitif"],"_links":{"self":[{"href":"https:\/\/www.lacuisinedejosy.com\/index.php\/wp-json\/wp\/v2\/posts\/5320","targetHints":{"allow":["GET"]}}],"collection":[{"href":"https:\/\/www.lacuisinedejosy.com\/index.php\/wp-json\/wp\/v2\/posts"}],"about":[{"href":"https:\/\/www.lacuisinedejosy.com\/index.php\/wp-json\/wp\/v2\/types\/post"}],"author":[{"embeddable":true,"href":"https:\/\/www.lacuisinedejosy.com\/index.php\/wp-json\/wp\/v2\/users\/1"}],"replies":[{"embeddable":true,"href":"https:\/\/www.lacuisinedejosy.com\/index.php\/wp-json\/wp\/v2\/comments?post=5320"}],"version-history":[{"count":2,"href":"https:\/\/www.lacuisinedejosy.com\/index.php\/wp-json\/wp\/v2\/posts\/5320\/revisions"}],"predecessor-version":[{"id":5395,"href":"https:\/\/www.lacuisinedejosy.com\/index.php\/wp-json\/wp\/v2\/posts\/5320\/revisions\/5395"}],"wp:featuredmedia":[{"embeddable":true,"href":"https:\/\/www.lacuisinedejosy.com\/index.php\/wp-json\/wp\/v2\/media\/5322"}],"wp:attachment":[{"href":"https:\/\/www.lacuisinedejosy.com\/index.php\/wp-json\/wp\/v2\/media?parent=5320"}],"wp:term":[{"taxonomy":"category","embeddable":true,"href":"https:\/\/www.lacuisinedejosy.com\/index.php\/wp-json\/wp\/v2\/categories?post=5320"},{"taxonomy":"post_tag","embeddable":true,"href":"https:\/\/www.lacuisinedejosy.com\/index.php\/wp-json\/wp\/v2\/tags?post=5320"}],"curies":[{"name":"wp","href":"https:\/\/api.w.org\/{rel}","templated":true}]}}