{"id":5517,"date":"2016-04-10T01:01:05","date_gmt":"2016-04-09T23:01:05","guid":{"rendered":"http:\/\/www.lacuisinedejosy.com\/?p=5517"},"modified":"2016-04-10T09:37:39","modified_gmt":"2016-04-10T07:37:39","slug":"flans-de-carottes-aux-lardons-3","status":"publish","type":"post","link":"https:\/\/www.lacuisinedejosy.com\/index.php\/flans-de-carottes-aux-lardons-3\/","title":{"rendered":"Flans de carottes aux lardons"},"content":{"rendered":"<p><em>Une recette toute simple et d\u00e9licieuse, relev\u00e9e sur un catalogue Tupperware, \u00e0 peine modifi\u00e9e.<\/em><\/p>\n<p>&nbsp;<\/p>\n<p><strong>Four pr\u00e9chauff\u00e9 \u00e0 180\u00b0C.<\/strong><\/p>\n<p>Fouettez la cr\u00e8me, les oeufs et le parmesan r\u00e2p\u00e9.<\/p>\n<p>Ajouter les carottes r\u00e2p\u00e9es finement et les lardons. Saler &amp; poivrer.<\/p>\n<p>R\u00e9partir la pr\u00e9paration dans des ramequins beurr\u00e9s et faire cuire 30 mn.<\/p>\n<p>&nbsp;<\/p>\n<p><em><strong>Photos avant et apr\u00e8s cuisson :<\/strong><\/em><\/p>\n<p><a href=\"http:\/\/www.lacuisinedejosy.com\/wp-content\/uploads\/2016\/04\/Flan-de-carottes1-e1460242720837.jpg\"><img fetchpriority=\"high\" decoding=\"async\" class=\"alignleft size-full wp-image-5519\" src=\"http:\/\/www.lacuisinedejosy.com\/wp-content\/uploads\/2016\/04\/Flan-de-carottes1-e1460242720837.jpg\" alt=\"Flan de carottes1\" width=\"340\" height=\"255\" \/><\/a><\/p>\n<p><a href=\"http:\/\/www.lacuisinedejosy.com\/wp-content\/uploads\/2016\/04\/Flans-de-carottes2-e1460241118257.jpg\"><img decoding=\"async\" class=\"alignleft size-full wp-image-5510\" src=\"http:\/\/www.lacuisinedejosy.com\/wp-content\/uploads\/2016\/04\/Flans-de-carottes2-e1460241118257.jpg\" alt=\"Flans de carottes2\" width=\"440\" height=\"330\" \/><\/a><\/p>\n","protected":false},"excerpt":{"rendered":"<p>Une recette toute simple et d\u00e9licieuse, relev\u00e9e sur un catalogue Tupperware, \u00e0 peine modifi\u00e9e. &nbsp; Four pr\u00e9chauff\u00e9 \u00e0 180\u00b0C. Fouettez la cr\u00e8me, les oeufs et le parmesan r\u00e2p\u00e9&#8230;. <a href=\"https:\/\/www.lacuisinedejosy.com\/index.php\/flans-de-carottes-aux-lardons-3\/\">Read More &raquo;<\/a><\/p>\n","protected":false},"author":1,"featured_media":5508,"comment_status":"open","ping_status":"open","sticky":false,"template":"","format":"standard","meta":{"footnotes":""},"categories":[10],"tags":[34,83,200,86],"class_list":["post-5517","post","type-post","status-publish","format-standard","has-post-thumbnail","hentry","category-accompagnements","tag-carotte","tag-creme-fraiche","tag-lardon","tag-oeuf"],"_links":{"self":[{"href":"https:\/\/www.lacuisinedejosy.com\/index.php\/wp-json\/wp\/v2\/posts\/5517","targetHints":{"allow":["GET"]}}],"collection":[{"href":"https:\/\/www.lacuisinedejosy.com\/index.php\/wp-json\/wp\/v2\/posts"}],"about":[{"href":"https:\/\/www.lacuisinedejosy.com\/index.php\/wp-json\/wp\/v2\/types\/post"}],"author":[{"embeddable":true,"href":"https:\/\/www.lacuisinedejosy.com\/index.php\/wp-json\/wp\/v2\/users\/1"}],"replies":[{"embeddable":true,"href":"https:\/\/www.lacuisinedejosy.com\/index.php\/wp-json\/wp\/v2\/comments?post=5517"}],"version-history":[{"count":8,"href":"https:\/\/www.lacuisinedejosy.com\/index.php\/wp-json\/wp\/v2\/posts\/5517\/revisions"}],"predecessor-version":[{"id":6402,"href":"https:\/\/www.lacuisinedejosy.com\/index.php\/wp-json\/wp\/v2\/posts\/5517\/revisions\/6402"}],"wp:featuredmedia":[{"embeddable":true,"href":"https:\/\/www.lacuisinedejosy.com\/index.php\/wp-json\/wp\/v2\/media\/5508"}],"wp:attachment":[{"href":"https:\/\/www.lacuisinedejosy.com\/index.php\/wp-json\/wp\/v2\/media?parent=5517"}],"wp:term":[{"taxonomy":"category","embeddable":true,"href":"https:\/\/www.lacuisinedejosy.com\/index.php\/wp-json\/wp\/v2\/categories?post=5517"},{"taxonomy":"post_tag","embeddable":true,"href":"https:\/\/www.lacuisinedejosy.com\/index.php\/wp-json\/wp\/v2\/tags?post=5517"}],"curies":[{"name":"wp","href":"https:\/\/api.w.org\/{rel}","templated":true}]}}