{"id":5680,"date":"2016-11-22T10:34:42","date_gmt":"2016-11-22T09:34:42","guid":{"rendered":"http:\/\/www.lacuisinedejosy.com\/?p=5680"},"modified":"2016-11-22T10:36:52","modified_gmt":"2016-11-22T09:36:52","slug":"cake-citron-amande","status":"publish","type":"post","link":"https:\/\/www.lacuisinedejosy.com\/index.php\/cake-citron-amande\/","title":{"rendered":"Cake citron &#038; amande"},"content":{"rendered":"<p><strong>Four pr\u00e9chauff\u00e9 \u00e0 165\u00b0C<\/strong><\/p>\n<p>Dans un saladier,\u00a0battre au fouet les oeufs entiers avec le sucre, puis ajouter l&rsquo;extrait de vanille, le zeste et le jus de citron. Incorporer ensuite le mascarpone\u00a0et le beurre fondu.<\/p>\n<p>M\u00e9langer la farine, la poudre d&rsquo;amande, la levure chimique dans un bol et les ajouter au m\u00e9lange\u00a0pr\u00e9c\u00e9dent.<\/p>\n<p>Bien amalgamer le tout, verser dans un moule \u00e0 cake et enfourner pour 45 minutes.<\/p>\n<p>&nbsp;<\/p>\n","protected":false},"excerpt":{"rendered":"<p>Four pr\u00e9chauff\u00e9 \u00e0 165\u00b0C Dans un saladier,\u00a0battre au fouet les oeufs entiers avec le sucre, puis ajouter l&rsquo;extrait de vanille, le zeste et le jus de citron. Incorporer&#8230; <a href=\"https:\/\/www.lacuisinedejosy.com\/index.php\/cake-citron-amande\/\">Read More &raquo;<\/a><\/p>\n","protected":false},"author":1,"featured_media":5684,"comment_status":"open","ping_status":"open","sticky":false,"template":"","format":"standard","meta":{"footnotes":""},"categories":[17,22],"tags":[71,43,579,86,228],"class_list":["post-5680","post","type-post","status-publish","format-standard","has-post-thumbnail","hentry","category-agrumes","category-gateaux-pates","tag-amande","tag-citron","tag-huile-dolive","tag-oeuf","tag-sucre"],"_links":{"self":[{"href":"https:\/\/www.lacuisinedejosy.com\/index.php\/wp-json\/wp\/v2\/posts\/5680","targetHints":{"allow":["GET"]}}],"collection":[{"href":"https:\/\/www.lacuisinedejosy.com\/index.php\/wp-json\/wp\/v2\/posts"}],"about":[{"href":"https:\/\/www.lacuisinedejosy.com\/index.php\/wp-json\/wp\/v2\/types\/post"}],"author":[{"embeddable":true,"href":"https:\/\/www.lacuisinedejosy.com\/index.php\/wp-json\/wp\/v2\/users\/1"}],"replies":[{"embeddable":true,"href":"https:\/\/www.lacuisinedejosy.com\/index.php\/wp-json\/wp\/v2\/comments?post=5680"}],"version-history":[{"count":1,"href":"https:\/\/www.lacuisinedejosy.com\/index.php\/wp-json\/wp\/v2\/posts\/5680\/revisions"}],"predecessor-version":[{"id":5681,"href":"https:\/\/www.lacuisinedejosy.com\/index.php\/wp-json\/wp\/v2\/posts\/5680\/revisions\/5681"}],"wp:featuredmedia":[{"embeddable":true,"href":"https:\/\/www.lacuisinedejosy.com\/index.php\/wp-json\/wp\/v2\/media\/5684"}],"wp:attachment":[{"href":"https:\/\/www.lacuisinedejosy.com\/index.php\/wp-json\/wp\/v2\/media?parent=5680"}],"wp:term":[{"taxonomy":"category","embeddable":true,"href":"https:\/\/www.lacuisinedejosy.com\/index.php\/wp-json\/wp\/v2\/categories?post=5680"},{"taxonomy":"post_tag","embeddable":true,"href":"https:\/\/www.lacuisinedejosy.com\/index.php\/wp-json\/wp\/v2\/tags?post=5680"}],"curies":[{"name":"wp","href":"https:\/\/api.w.org\/{rel}","templated":true}]}}