{"id":57,"date":"2010-04-11T10:09:15","date_gmt":"2010-04-11T10:09:15","guid":{"rendered":"http:\/\/lacuisinedejosy.fr\/com\/?p=57"},"modified":"2012-12-21T16:42:58","modified_gmt":"2012-12-21T15:42:58","slug":"fromage-de-chevre-en-sucettes-pour-laperitif-photos","status":"publish","type":"post","link":"https:\/\/www.lacuisinedejosy.com\/index.php\/fromage-de-chevre-en-sucettes-pour-laperitif-photos\/","title":{"rendered":"Fromage de ch\u00e8vre en sucettes pour l&rsquo;ap\u00e9ritif"},"content":{"rendered":"<p><strong>Une id\u00e9e de Thomas<\/strong><\/p>\n<p>&nbsp;<\/p>\n<p>Faire des billes de fromage de ch\u00e8vre frais ;<br \/>\nles rouler dans les graines de pavot, de s\u00e9same, de ciboulette finement cisel\u00e9e, de pignons de pin ou de noix hach\u00e9s, de baies roses \u00e9cras\u00e9es, etc&#8230;<\/p>\n<p>Mettre un b\u00e2tonnet et les disposer joliment\u00a0!<\/p>\n<p><a href=\"http:\/\/lacuisinedejosy.com\/wp-content\/uploads\/2010\/04\/272969688_de618f47dc_m.jpg\"><img decoding=\"async\" class=\"alignleft size-thumbnail wp-image-4201\" title=\"272969688_de618f47dc_m\" src=\"http:\/\/lacuisinedejosy.com\/wp-content\/uploads\/2010\/04\/272969688_de618f47dc_m-150x150.jpg\" alt=\"\" width=\"150\" height=\"150\" \/><\/a><\/p>\n<p><a href=\"http:\/\/lacuisinedejosy.com\/wp-content\/uploads\/2010\/04\/272970064_0e17cd7475_m.jpg\"><img decoding=\"async\" class=\"alignleft size-full wp-image-3856\" title=\"272970064_0e17cd7475_m\" src=\"http:\/\/lacuisinedejosy.com\/wp-content\/uploads\/2010\/04\/272970064_0e17cd7475_m.jpg\" alt=\"\" width=\"240\" height=\"180\" \/><\/a><\/p>\n","protected":false},"excerpt":{"rendered":"<p>Une id\u00e9e de Thomas &nbsp; Faire des billes de fromage de ch\u00e8vre frais ; les rouler dans les graines de pavot, de s\u00e9same, de ciboulette finement cisel\u00e9e, de&#8230; <a href=\"https:\/\/www.lacuisinedejosy.com\/index.php\/fromage-de-chevre-en-sucettes-pour-laperitif-photos\/\">Read More &raquo;<\/a><\/p>\n","protected":false},"author":1,"featured_media":3857,"comment_status":"open","ping_status":"open","sticky":false,"template":"","format":"standard","meta":{"footnotes":""},"categories":[79],"tags":[101,195,91,99,211,100,208],"class_list":["post-57","post","type-post","status-publish","format-standard","has-post-thumbnail","hentry","category-aperitif","tag-ciboulette","tag-fromage","tag-noix","tag-pavot","tag-pignon-de-pin","tag-sesame","tag-sucette"],"_links":{"self":[{"href":"https:\/\/www.lacuisinedejosy.com\/index.php\/wp-json\/wp\/v2\/posts\/57","targetHints":{"allow":["GET"]}}],"collection":[{"href":"https:\/\/www.lacuisinedejosy.com\/index.php\/wp-json\/wp\/v2\/posts"}],"about":[{"href":"https:\/\/www.lacuisinedejosy.com\/index.php\/wp-json\/wp\/v2\/types\/post"}],"author":[{"embeddable":true,"href":"https:\/\/www.lacuisinedejosy.com\/index.php\/wp-json\/wp\/v2\/users\/1"}],"replies":[{"embeddable":true,"href":"https:\/\/www.lacuisinedejosy.com\/index.php\/wp-json\/wp\/v2\/comments?post=57"}],"version-history":[{"count":0,"href":"https:\/\/www.lacuisinedejosy.com\/index.php\/wp-json\/wp\/v2\/posts\/57\/revisions"}],"wp:featuredmedia":[{"embeddable":true,"href":"https:\/\/www.lacuisinedejosy.com\/index.php\/wp-json\/wp\/v2\/media\/3857"}],"wp:attachment":[{"href":"https:\/\/www.lacuisinedejosy.com\/index.php\/wp-json\/wp\/v2\/media?parent=57"}],"wp:term":[{"taxonomy":"category","embeddable":true,"href":"https:\/\/www.lacuisinedejosy.com\/index.php\/wp-json\/wp\/v2\/categories?post=57"},{"taxonomy":"post_tag","embeddable":true,"href":"https:\/\/www.lacuisinedejosy.com\/index.php\/wp-json\/wp\/v2\/tags?post=57"}],"curies":[{"name":"wp","href":"https:\/\/api.w.org\/{rel}","templated":true}]}}