{"id":58,"date":"2006-04-02T23:53:55","date_gmt":"2006-04-02T23:53:55","guid":{"rendered":"http:\/\/lacuisinedejosy.fr\/com\/?p=58"},"modified":"2012-01-24T09:36:30","modified_gmt":"2012-01-24T08:36:30","slug":"tomates-au-crabe-et-fromage-frais-citronne","status":"publish","type":"post","link":"https:\/\/www.lacuisinedejosy.com\/index.php\/tomates-au-crabe-et-fromage-frais-citronne\/","title":{"rendered":"Tomates au crabe et fromage frais citronn\u00e9"},"content":{"rendered":"<p>D\u00e9coupez un chapeau \u00e0 douze petites tomates, videz les de leur jus, \u00e9p\u00e9pinez-les, puis glissez une cuiller\u00e9e de chair de crabe \u00e0 l\u2019int\u00e9rieur.<\/p>\n<p>M\u00e9langez \u00e0 la fourchette deux fromages frais carr\u00e9s avec le zeste r\u00e2p\u00e9 d\u2019un citron non trait\u00e9 et trois gouttes de Tabasco.<\/p>\n<p>Remplissez les tomates de ce m\u00e9lange et remettez les chapeaux. Entreposez- les au frais jusqu\u2019au moment de servir. D\u00e9corez de persil plat.<\/p>\n<pre><\/pre>\n","protected":false},"excerpt":{"rendered":"<p>D\u00e9coupez un chapeau \u00e0 douze petites tomates, videz les de leur jus, \u00e9p\u00e9pinez-les, puis glissez une cuiller\u00e9e de chair de crabe \u00e0 l\u2019int\u00e9rieur. M\u00e9langez \u00e0 la fourchette deux&#8230; <a href=\"https:\/\/www.lacuisinedejosy.com\/index.php\/tomates-au-crabe-et-fromage-frais-citronne\/\">Read More &raquo;<\/a><\/p>\n","protected":false},"author":1,"featured_media":0,"comment_status":"open","ping_status":"open","sticky":false,"template":"","format":"standard","meta":{"footnotes":""},"categories":[4],"tags":[43,561,195,35,445],"class_list":["post-58","post","type-post","status-publish","format-standard","hentry","category-entree","tag-citron","tag-crabe","tag-fromage","tag-tomate","tag-zeste"],"_links":{"self":[{"href":"https:\/\/www.lacuisinedejosy.com\/index.php\/wp-json\/wp\/v2\/posts\/58","targetHints":{"allow":["GET"]}}],"collection":[{"href":"https:\/\/www.lacuisinedejosy.com\/index.php\/wp-json\/wp\/v2\/posts"}],"about":[{"href":"https:\/\/www.lacuisinedejosy.com\/index.php\/wp-json\/wp\/v2\/types\/post"}],"author":[{"embeddable":true,"href":"https:\/\/www.lacuisinedejosy.com\/index.php\/wp-json\/wp\/v2\/users\/1"}],"replies":[{"embeddable":true,"href":"https:\/\/www.lacuisinedejosy.com\/index.php\/wp-json\/wp\/v2\/comments?post=58"}],"version-history":[{"count":0,"href":"https:\/\/www.lacuisinedejosy.com\/index.php\/wp-json\/wp\/v2\/posts\/58\/revisions"}],"wp:attachment":[{"href":"https:\/\/www.lacuisinedejosy.com\/index.php\/wp-json\/wp\/v2\/media?parent=58"}],"wp:term":[{"taxonomy":"category","embeddable":true,"href":"https:\/\/www.lacuisinedejosy.com\/index.php\/wp-json\/wp\/v2\/categories?post=58"},{"taxonomy":"post_tag","embeddable":true,"href":"https:\/\/www.lacuisinedejosy.com\/index.php\/wp-json\/wp\/v2\/tags?post=58"}],"curies":[{"name":"wp","href":"https:\/\/api.w.org\/{rel}","templated":true}]}}