{"id":587,"date":"2008-06-01T17:48:18","date_gmt":"2008-06-01T17:48:18","guid":{"rendered":"http:\/\/lacuisinedejosy.fr\/com\/?p=587"},"modified":"2012-01-05T16:33:22","modified_gmt":"2012-01-05T15:33:22","slug":"mini-bouchees-aux-lardons","status":"publish","type":"post","link":"https:\/\/www.lacuisinedejosy.com\/index.php\/mini-bouchees-aux-lardons\/","title":{"rendered":"Bouch\u00e9es aux lardons"},"content":{"rendered":"<ul>\n<li>3 oeufs<\/li>\n<li>150 g de farine<\/li>\n<li>1\/2 sachet de levure chimique<\/li>\n<li>70 g d\u2019huile d\u2019olive<\/li>\n<li>de 80 \u00e0 100 g de lardons<\/li>\n<li>3 c\u00e0s de lait<\/li>\n<li>sel, poivre<\/li>\n<\/ul>\n<p>Pr\u00e9chauffez le four \u00e0 180\u00b0C (thermostat 6).<\/p>\n<p>Dans une jatte, battez les oeufs avec un fouet, lorsqu\u2019ils sont bien mousseux, ajoutez la farine et la levure. M\u00e9langez bien.<\/p>\n<p>Ajoutez l\u2019huile \u00e0 cette pr\u00e9paration puis incorporez les lardons et le lait. Salez l\u00e9g\u00e8rement et poivrez.<\/p>\n<p>Remplissez les moules aux 3\/4. Enfournez environ 15 minutes. D\u00e9moulez sur une grille.<\/p>\n<p>Pour cette recette, utilisez des petits moules individuels comme les moules \u00e0 madeleines, \u00e0 mini muffins, etc\u2026<\/p>\n","protected":false},"excerpt":{"rendered":"<p>3 oeufs 150 g de farine 1\/2 sachet de levure chimique 70 g d\u2019huile d\u2019olive de 80 \u00e0 100 g de lardons 3 c\u00e0s de lait sel, poivre&#8230; <a href=\"https:\/\/www.lacuisinedejosy.com\/index.php\/mini-bouchees-aux-lardons\/\">Read More &raquo;<\/a><\/p>\n","protected":false},"author":1,"featured_media":0,"comment_status":"open","ping_status":"open","sticky":false,"template":"","format":"standard","meta":{"footnotes":""},"categories":[79],"tags":[160,200,86],"class_list":["post-587","post","type-post","status-publish","format-standard","hentry","category-aperitif","tag-bouchee","tag-lardon","tag-oeuf"],"_links":{"self":[{"href":"https:\/\/www.lacuisinedejosy.com\/index.php\/wp-json\/wp\/v2\/posts\/587","targetHints":{"allow":["GET"]}}],"collection":[{"href":"https:\/\/www.lacuisinedejosy.com\/index.php\/wp-json\/wp\/v2\/posts"}],"about":[{"href":"https:\/\/www.lacuisinedejosy.com\/index.php\/wp-json\/wp\/v2\/types\/post"}],"author":[{"embeddable":true,"href":"https:\/\/www.lacuisinedejosy.com\/index.php\/wp-json\/wp\/v2\/users\/1"}],"replies":[{"embeddable":true,"href":"https:\/\/www.lacuisinedejosy.com\/index.php\/wp-json\/wp\/v2\/comments?post=587"}],"version-history":[{"count":0,"href":"https:\/\/www.lacuisinedejosy.com\/index.php\/wp-json\/wp\/v2\/posts\/587\/revisions"}],"wp:attachment":[{"href":"https:\/\/www.lacuisinedejosy.com\/index.php\/wp-json\/wp\/v2\/media?parent=587"}],"wp:term":[{"taxonomy":"category","embeddable":true,"href":"https:\/\/www.lacuisinedejosy.com\/index.php\/wp-json\/wp\/v2\/categories?post=587"},{"taxonomy":"post_tag","embeddable":true,"href":"https:\/\/www.lacuisinedejosy.com\/index.php\/wp-json\/wp\/v2\/tags?post=587"}],"curies":[{"name":"wp","href":"https:\/\/api.w.org\/{rel}","templated":true}]}}