{"id":598,"date":"2008-06-06T15:07:41","date_gmt":"2008-06-06T15:07:41","guid":{"rendered":"http:\/\/lacuisinedejosy.fr\/com\/?p=598"},"modified":"2013-11-17T10:03:00","modified_gmt":"2013-11-17T09:03:00","slug":"rillettes-de-sardines","status":"publish","type":"post","link":"https:\/\/www.lacuisinedejosy.com\/index.php\/rillettes-de-sardines\/","title":{"rendered":"Rillettes de sardines"},"content":{"rendered":"<p>Placez les sardines l\u00e9g\u00e8rement \u00e9goutt\u00e9es dans une assiette creuse, versez-y le jus de citron, salez et poivrez\u00a0; puis ajoutez le fromage frais, l\u2019\u00e9chalote finement cisel\u00e9e et \u00e9crasez \u00e0 l&rsquo;aide d&rsquo;une fourchette jusqu\u2019\u00e0 l&rsquo;obtention d\u2019une pr\u00e9paration un peu grossi\u00e8re.<\/p>\n<p>Recouvrez de papier-film et placez au r\u00e9frig\u00e9rateur pour une heure. Servir avec du pain l\u00e9g\u00e8rement grill\u00e9, des petits b\u00e2tonnets de l\u00e9gumes, des gressins&#8230;<\/p>\n","protected":false},"excerpt":{"rendered":"<p>Placez les sardines l\u00e9g\u00e8rement \u00e9goutt\u00e9es dans une assiette creuse, versez-y le jus de citron, salez et poivrez\u00a0; puis ajoutez le fromage frais, l\u2019\u00e9chalote finement cisel\u00e9e et \u00e9crasez \u00e0&#8230; <a href=\"https:\/\/www.lacuisinedejosy.com\/index.php\/rillettes-de-sardines\/\">Read More &raquo;<\/a><\/p>\n","protected":false},"author":1,"featured_media":4961,"comment_status":"open","ping_status":"open","sticky":false,"template":"","format":"standard","meta":{"footnotes":""},"categories":[79],"tags":[43,141,195,196,207],"class_list":["post-598","post","type-post","status-publish","format-standard","has-post-thumbnail","hentry","category-aperitif","tag-citron","tag-echalote","tag-fromage","tag-rillette","tag-sardine"],"_links":{"self":[{"href":"https:\/\/www.lacuisinedejosy.com\/index.php\/wp-json\/wp\/v2\/posts\/598","targetHints":{"allow":["GET"]}}],"collection":[{"href":"https:\/\/www.lacuisinedejosy.com\/index.php\/wp-json\/wp\/v2\/posts"}],"about":[{"href":"https:\/\/www.lacuisinedejosy.com\/index.php\/wp-json\/wp\/v2\/types\/post"}],"author":[{"embeddable":true,"href":"https:\/\/www.lacuisinedejosy.com\/index.php\/wp-json\/wp\/v2\/users\/1"}],"replies":[{"embeddable":true,"href":"https:\/\/www.lacuisinedejosy.com\/index.php\/wp-json\/wp\/v2\/comments?post=598"}],"version-history":[{"count":0,"href":"https:\/\/www.lacuisinedejosy.com\/index.php\/wp-json\/wp\/v2\/posts\/598\/revisions"}],"wp:featuredmedia":[{"embeddable":true,"href":"https:\/\/www.lacuisinedejosy.com\/index.php\/wp-json\/wp\/v2\/media\/4961"}],"wp:attachment":[{"href":"https:\/\/www.lacuisinedejosy.com\/index.php\/wp-json\/wp\/v2\/media?parent=598"}],"wp:term":[{"taxonomy":"category","embeddable":true,"href":"https:\/\/www.lacuisinedejosy.com\/index.php\/wp-json\/wp\/v2\/categories?post=598"},{"taxonomy":"post_tag","embeddable":true,"href":"https:\/\/www.lacuisinedejosy.com\/index.php\/wp-json\/wp\/v2\/tags?post=598"}],"curies":[{"name":"wp","href":"https:\/\/api.w.org\/{rel}","templated":true}]}}