{"id":605,"date":"2008-06-06T16:01:21","date_gmt":"2008-06-06T16:01:21","guid":{"rendered":"http:\/\/lacuisinedejosy.fr\/com\/?p=605"},"modified":"2012-01-23T22:28:02","modified_gmt":"2012-01-23T21:28:02","slug":"tarte-a-la-ratatouille","status":"publish","type":"post","link":"https:\/\/www.lacuisinedejosy.com\/index.php\/tarte-a-la-ratatouille\/","title":{"rendered":"Tarte \u00e0 la ratatouille"},"content":{"rendered":"<p>Difficile de faire plus simple&#8230;<\/p>\n<p><!--more--><\/p>\n<ul>\n<li>Une p\u00e2te feuillet\u00e9e,<\/li>\n<li>500 g de ratatouille (fra\u00eeche ou en bocal)<\/li>\n<li>2 \u0153ufs,<\/li>\n<li>15 cl de cr\u00e8me fra\u00eeche<\/li>\n<li>sel et poivre<\/li>\n<\/ul>\n<p>Disposez la p\u00e2te feuillet\u00e9e dans un moule en m\u00e9tal. Battre les \u0153ufs en omelette, incorporez la cr\u00e8me fra\u00eeche. Ajoutez la ratatouille, versez dans le fond de p\u00e2te. Cuire \u00e0 180\u00b0 pendant 35 minutes.<\/p>\n","protected":false},"excerpt":{"rendered":"<p>Difficile de faire plus simple&#8230;<\/p>\n","protected":false},"author":1,"featured_media":0,"comment_status":"open","ping_status":"open","sticky":false,"template":"","format":"standard","meta":{"footnotes":""},"categories":[4],"tags":[83,86,32,547,66],"class_list":["post-605","post","type-post","status-publish","format-standard","hentry","category-entree","tag-creme-fraiche","tag-oeuf","tag-pate","tag-ratatouille","tag-tarte"],"_links":{"self":[{"href":"https:\/\/www.lacuisinedejosy.com\/index.php\/wp-json\/wp\/v2\/posts\/605","targetHints":{"allow":["GET"]}}],"collection":[{"href":"https:\/\/www.lacuisinedejosy.com\/index.php\/wp-json\/wp\/v2\/posts"}],"about":[{"href":"https:\/\/www.lacuisinedejosy.com\/index.php\/wp-json\/wp\/v2\/types\/post"}],"author":[{"embeddable":true,"href":"https:\/\/www.lacuisinedejosy.com\/index.php\/wp-json\/wp\/v2\/users\/1"}],"replies":[{"embeddable":true,"href":"https:\/\/www.lacuisinedejosy.com\/index.php\/wp-json\/wp\/v2\/comments?post=605"}],"version-history":[{"count":0,"href":"https:\/\/www.lacuisinedejosy.com\/index.php\/wp-json\/wp\/v2\/posts\/605\/revisions"}],"wp:attachment":[{"href":"https:\/\/www.lacuisinedejosy.com\/index.php\/wp-json\/wp\/v2\/media?parent=605"}],"wp:term":[{"taxonomy":"category","embeddable":true,"href":"https:\/\/www.lacuisinedejosy.com\/index.php\/wp-json\/wp\/v2\/categories?post=605"},{"taxonomy":"post_tag","embeddable":true,"href":"https:\/\/www.lacuisinedejosy.com\/index.php\/wp-json\/wp\/v2\/tags?post=605"}],"curies":[{"name":"wp","href":"https:\/\/api.w.org\/{rel}","templated":true}]}}