{"id":612,"date":"2008-06-06T16:16:42","date_gmt":"2008-06-06T16:16:42","guid":{"rendered":"http:\/\/lacuisinedejosy.fr\/com\/?p=612"},"modified":"2012-10-01T02:14:23","modified_gmt":"2012-10-01T00:14:23","slug":"salade-grecque","status":"publish","type":"post","link":"https:\/\/www.lacuisinedejosy.com\/index.php\/salade-grecque\/","title":{"rendered":"Salade grecque"},"content":{"rendered":"<ul>\n<li><\/li>\n<\/ul>\n<p>Couper les tomates en quartiers, les mettre dans un saladier<\/p>\n<p>Eplucher une bande sur deux au concombre, le couper en deux dans le sens de la longueur pour enlever les graines, puis le d\u00e9tailler en tranches, les ajouter aux tomates.<\/p>\n<p>Couper la f\u00e9ta en petits d\u00e9s, les ajouter dans le saladier avec les olives et du thym effeuill\u00e9, verser un filet d\u2019huile d\u2019olive, poivrer.<\/p>\n<pre><\/pre>\n","protected":false},"excerpt":{"rendered":"<p>Couper les tomates en quartiers, les mettre dans un saladier Eplucher une bande sur deux au concombre, le couper en deux dans le sens de la longueur pour&#8230; <a href=\"https:\/\/www.lacuisinedejosy.com\/index.php\/salade-grecque\/\">Read More &raquo;<\/a><\/p>\n","protected":false},"author":1,"featured_media":0,"comment_status":"open","ping_status":"open","sticky":false,"template":"","format":"standard","meta":{"footnotes":""},"categories":[4],"tags":[134,97,204,326,158,35],"class_list":["post-612","post","type-post","status-publish","format-standard","hentry","category-entree","tag-concombre","tag-feta","tag-olive","tag-salade","tag-thym","tag-tomate"],"_links":{"self":[{"href":"https:\/\/www.lacuisinedejosy.com\/index.php\/wp-json\/wp\/v2\/posts\/612","targetHints":{"allow":["GET"]}}],"collection":[{"href":"https:\/\/www.lacuisinedejosy.com\/index.php\/wp-json\/wp\/v2\/posts"}],"about":[{"href":"https:\/\/www.lacuisinedejosy.com\/index.php\/wp-json\/wp\/v2\/types\/post"}],"author":[{"embeddable":true,"href":"https:\/\/www.lacuisinedejosy.com\/index.php\/wp-json\/wp\/v2\/users\/1"}],"replies":[{"embeddable":true,"href":"https:\/\/www.lacuisinedejosy.com\/index.php\/wp-json\/wp\/v2\/comments?post=612"}],"version-history":[{"count":0,"href":"https:\/\/www.lacuisinedejosy.com\/index.php\/wp-json\/wp\/v2\/posts\/612\/revisions"}],"wp:attachment":[{"href":"https:\/\/www.lacuisinedejosy.com\/index.php\/wp-json\/wp\/v2\/media?parent=612"}],"wp:term":[{"taxonomy":"category","embeddable":true,"href":"https:\/\/www.lacuisinedejosy.com\/index.php\/wp-json\/wp\/v2\/categories?post=612"},{"taxonomy":"post_tag","embeddable":true,"href":"https:\/\/www.lacuisinedejosy.com\/index.php\/wp-json\/wp\/v2\/tags?post=612"}],"curies":[{"name":"wp","href":"https:\/\/api.w.org\/{rel}","templated":true}]}}