{"id":625,"date":"2008-06-14T16:45:20","date_gmt":"2008-06-14T16:45:20","guid":{"rendered":"http:\/\/lacuisinedejosy.fr\/com\/?p=625"},"modified":"2013-08-15T16:17:37","modified_gmt":"2013-08-15T14:17:37","slug":"taboule-du-phare","status":"publish","type":"post","link":"https:\/\/www.lacuisinedejosy.com\/index.php\/taboule-du-phare\/","title":{"rendered":"Taboul\u00e9 du phare"},"content":{"rendered":"<p>Pour mes amies Pascale et Patricia, une d\u00e9licieuse variante du taboul\u00e9 traditionnel&#8230;<\/p>\n<p><!--more-->Versez les graines de couscous dans un saladier. Arrosez d\u2019eau chaude sal\u00e9e \u00e0 hauteur.<\/p>\n<p>Couvrez et laissez gonfler 20 minutes.<\/p>\n<p>D\u00e9cortiquez 300 g de crevettes roses cuites.<br \/>\nEmincez 4 tranches de saumon fum\u00e9.<br \/>\nHachez 3 oignons nouveaux avec leur tige.<br \/>\nEp\u00e9pinez et coupez 3 tomates en d\u00e9s.<br \/>\nEpluchez un pamplemousse \u00e0 vif et coupez-le en morceaux.<br \/>\nA\u00e9rez le couscous \u00e0 la fourchette, ajoutez tous les ingr\u00e9dients et arrosez avec le jus d\u2019un citron et 4 \u00a0ou 5 c\u00e0s d\u2019huile d\u2019olive.<br \/>\nSalez et poivrez.<br \/>\nAjoutez \u00a0les herbes cisel\u00e9es et m\u00e9langez. D\u00e9gustez tr\u00e8s frais.<\/p>\n<p>Si vous aimez\u00a0: ajoutez des petits d\u00e9s de surimi<\/p>\n","protected":false},"excerpt":{"rendered":"<p>Pour mes amies Pascale et Patricia, une d\u00e9licieuse variante du taboul\u00e9 traditionnel&#8230;<\/p>\n<p><img decoding=\"async\" src=\"\/images\/IMG_0378.JPG\" alt=\"\" \/><\/p>\n","protected":false},"author":1,"featured_media":4787,"comment_status":"open","ping_status":"open","sticky":false,"template":"","format":"standard","meta":{"footnotes":""},"categories":[4],"tags":[392,55,49,544,89,543,35],"class_list":["post-625","post","type-post","status-publish","format-standard","has-post-thumbnail","hentry","category-entree","tag-couscous","tag-crevette","tag-oignon","tag-phare","tag-saumon-fume","tag-taboule","tag-tomate"],"_links":{"self":[{"href":"https:\/\/www.lacuisinedejosy.com\/index.php\/wp-json\/wp\/v2\/posts\/625","targetHints":{"allow":["GET"]}}],"collection":[{"href":"https:\/\/www.lacuisinedejosy.com\/index.php\/wp-json\/wp\/v2\/posts"}],"about":[{"href":"https:\/\/www.lacuisinedejosy.com\/index.php\/wp-json\/wp\/v2\/types\/post"}],"author":[{"embeddable":true,"href":"https:\/\/www.lacuisinedejosy.com\/index.php\/wp-json\/wp\/v2\/users\/1"}],"replies":[{"embeddable":true,"href":"https:\/\/www.lacuisinedejosy.com\/index.php\/wp-json\/wp\/v2\/comments?post=625"}],"version-history":[{"count":0,"href":"https:\/\/www.lacuisinedejosy.com\/index.php\/wp-json\/wp\/v2\/posts\/625\/revisions"}],"wp:featuredmedia":[{"embeddable":true,"href":"https:\/\/www.lacuisinedejosy.com\/index.php\/wp-json\/wp\/v2\/media\/4787"}],"wp:attachment":[{"href":"https:\/\/www.lacuisinedejosy.com\/index.php\/wp-json\/wp\/v2\/media?parent=625"}],"wp:term":[{"taxonomy":"category","embeddable":true,"href":"https:\/\/www.lacuisinedejosy.com\/index.php\/wp-json\/wp\/v2\/categories?post=625"},{"taxonomy":"post_tag","embeddable":true,"href":"https:\/\/www.lacuisinedejosy.com\/index.php\/wp-json\/wp\/v2\/tags?post=625"}],"curies":[{"name":"wp","href":"https:\/\/api.w.org\/{rel}","templated":true}]}}