{"id":6550,"date":"2021-03-13T17:11:07","date_gmt":"2021-03-13T16:11:07","guid":{"rendered":"http:\/\/www.lacuisinedejosy.com\/?p=6550"},"modified":"2021-05-15T10:59:31","modified_gmt":"2021-05-15T08:59:31","slug":"gateau_a_la_banane","status":"publish","type":"post","link":"https:\/\/www.lacuisinedejosy.com\/index.php\/gateau_a_la_banane\/","title":{"rendered":"Gateau \u00e0 la banane"},"content":{"rendered":"<p>Une tr\u00e8s bonne recette pour utiliser des bananes bien m\u00fbres.<\/p>\n<p>Pr\u00e9chauffer le four \u00e0 180\u00b0c<\/p>\n<p>Couper les bananes en deux et les placer dans un moule, la tranche contre le fond.<\/p>\n<p>R\u00e9aliser un caramel \u00e0 sec dans une casserole avec 100 g de sucre. Lorsque le caramel est l\u00e9g\u00e8rement color\u00e9 terminer en ajoutant les 50 g de beurre en d\u00e9s hors du feu.<\/p>\n<p>Porter \u00e0 nouveau \u00e0 \u00e9bullition et verser dans le moule sur les bananes.<\/p>\n<p>Enfourner pour 10 minutes de cuisson.<\/p>\n<p>Pendant ce temps pr\u00e9parer la p\u00e2te \u00e0 g\u00e2teau. Fouetter les oeufs et les 80 g de  sucre, ajouter la farine, la levure chimique et 100 g de beurre fondu, terminer avec les graines de la gousse de vanille.<\/p>\n<p>Sortir les bananes et verser la p\u00e2te dessus et remettre \u00e0 cuire 20 \u00e0 25 minutes.<\/p>\n<p>Laisser refroidir 5 mn er d\u00e9mouler avant que le caramel ne fige trop.<\/p>\n","protected":false},"excerpt":{"rendered":"<p>Une tr\u00e8s bonne recette pour utiliser des bananes bien m\u00fbres. Pr\u00e9chauffer le four \u00e0 180\u00b0c Couper les bananes en deux et les placer dans un moule, la tranche&#8230; <a href=\"https:\/\/www.lacuisinedejosy.com\/index.php\/gateau_a_la_banane\/\">Read More &raquo;<\/a><\/p>\n","protected":false},"author":1,"featured_media":6659,"comment_status":"open","ping_status":"open","sticky":false,"template":"","format":"standard","meta":{"footnotes":""},"categories":[21,22],"tags":[],"class_list":["post-6550","post","type-post","status-publish","format-standard","has-post-thumbnail","hentry","category-desserts-aux-fruits-ni-agrumes-ni-pommes","category-gateaux-pates"],"_links":{"self":[{"href":"https:\/\/www.lacuisinedejosy.com\/index.php\/wp-json\/wp\/v2\/posts\/6550","targetHints":{"allow":["GET"]}}],"collection":[{"href":"https:\/\/www.lacuisinedejosy.com\/index.php\/wp-json\/wp\/v2\/posts"}],"about":[{"href":"https:\/\/www.lacuisinedejosy.com\/index.php\/wp-json\/wp\/v2\/types\/post"}],"author":[{"embeddable":true,"href":"https:\/\/www.lacuisinedejosy.com\/index.php\/wp-json\/wp\/v2\/users\/1"}],"replies":[{"embeddable":true,"href":"https:\/\/www.lacuisinedejosy.com\/index.php\/wp-json\/wp\/v2\/comments?post=6550"}],"version-history":[{"count":5,"href":"https:\/\/www.lacuisinedejosy.com\/index.php\/wp-json\/wp\/v2\/posts\/6550\/revisions"}],"predecessor-version":[{"id":6662,"href":"https:\/\/www.lacuisinedejosy.com\/index.php\/wp-json\/wp\/v2\/posts\/6550\/revisions\/6662"}],"wp:featuredmedia":[{"embeddable":true,"href":"https:\/\/www.lacuisinedejosy.com\/index.php\/wp-json\/wp\/v2\/media\/6659"}],"wp:attachment":[{"href":"https:\/\/www.lacuisinedejosy.com\/index.php\/wp-json\/wp\/v2\/media?parent=6550"}],"wp:term":[{"taxonomy":"category","embeddable":true,"href":"https:\/\/www.lacuisinedejosy.com\/index.php\/wp-json\/wp\/v2\/categories?post=6550"},{"taxonomy":"post_tag","embeddable":true,"href":"https:\/\/www.lacuisinedejosy.com\/index.php\/wp-json\/wp\/v2\/tags?post=6550"}],"curies":[{"name":"wp","href":"https:\/\/api.w.org\/{rel}","templated":true}]}}