{"id":6584,"date":"2021-03-25T10:29:03","date_gmt":"2021-03-25T09:29:03","guid":{"rendered":"https:\/\/www.lacuisinedejosy.com\/?p=6584"},"modified":"2021-03-25T10:29:05","modified_gmt":"2021-03-25T09:29:05","slug":"mousse-cremeuse-au-chocolat","status":"publish","type":"post","link":"https:\/\/www.lacuisinedejosy.com\/index.php\/mousse-cremeuse-au-chocolat\/","title":{"rendered":"Mousse (cr\u00e9meuse) au chocolat"},"content":{"rendered":"<p>Cette recette vient du blog \u00ab\u00a0Herv\u00e9 cuisine\u00a0\u00bb, c&rsquo;est une mousse diff\u00e9rente de celle figurant sur l&#8217;emballage des tablettes au chocolat Nestl\u00e9&#8230;<\/p>\n<p>\u00ab\u00a0Coupez le chocolat en morceaux, faites-le fondre avec le beurre au bain-marie ou au micro-ondes<\/p>\n<p>S\u00e9parez les blancs des jaunes d&rsquo;oeuf, battez les jaunes avec le sucre<\/p>\n<p>Ajoutez les jaunes et le sucre au chocolat fondu, m\u00e9langez et faites refroidir compl\u00e8tement<\/p>\n<p>Battez les blancs en neige avec une pinc\u00e9e de sel et ajoutez-les d\u00e9licatement \u00e0 la pr\u00e9paration au chocolat<\/p>\n<p>Versez dans des ramequins et placez au frigo toute la nuit !\u00a0\u00bb<\/p>\n","protected":false},"excerpt":{"rendered":"<p>Cette recette vient du blog \u00ab\u00a0Herv\u00e9 cuisine\u00a0\u00bb, c&rsquo;est une mousse diff\u00e9rente de celle figurant sur l&#8217;emballage des tablettes au chocolat Nestl\u00e9&#8230; \u00ab\u00a0Coupez le chocolat en morceaux, faites-le fondre&#8230; <a href=\"https:\/\/www.lacuisinedejosy.com\/index.php\/mousse-cremeuse-au-chocolat\/\">Read More &raquo;<\/a><\/p>\n","protected":false},"author":1,"featured_media":0,"comment_status":"open","ping_status":"open","sticky":false,"template":"","format":"standard","meta":{"footnotes":""},"categories":[19,15],"tags":[50,41,86,228],"class_list":["post-6584","post","type-post","status-publish","format-standard","hentry","category-cremes-flans-entremets","category-chocolat","tag-beurre","tag-chocolat-2","tag-oeuf","tag-sucre"],"_links":{"self":[{"href":"https:\/\/www.lacuisinedejosy.com\/index.php\/wp-json\/wp\/v2\/posts\/6584","targetHints":{"allow":["GET"]}}],"collection":[{"href":"https:\/\/www.lacuisinedejosy.com\/index.php\/wp-json\/wp\/v2\/posts"}],"about":[{"href":"https:\/\/www.lacuisinedejosy.com\/index.php\/wp-json\/wp\/v2\/types\/post"}],"author":[{"embeddable":true,"href":"https:\/\/www.lacuisinedejosy.com\/index.php\/wp-json\/wp\/v2\/users\/1"}],"replies":[{"embeddable":true,"href":"https:\/\/www.lacuisinedejosy.com\/index.php\/wp-json\/wp\/v2\/comments?post=6584"}],"version-history":[{"count":4,"href":"https:\/\/www.lacuisinedejosy.com\/index.php\/wp-json\/wp\/v2\/posts\/6584\/revisions"}],"predecessor-version":[{"id":6588,"href":"https:\/\/www.lacuisinedejosy.com\/index.php\/wp-json\/wp\/v2\/posts\/6584\/revisions\/6588"}],"wp:attachment":[{"href":"https:\/\/www.lacuisinedejosy.com\/index.php\/wp-json\/wp\/v2\/media?parent=6584"}],"wp:term":[{"taxonomy":"category","embeddable":true,"href":"https:\/\/www.lacuisinedejosy.com\/index.php\/wp-json\/wp\/v2\/categories?post=6584"},{"taxonomy":"post_tag","embeddable":true,"href":"https:\/\/www.lacuisinedejosy.com\/index.php\/wp-json\/wp\/v2\/tags?post=6584"}],"curies":[{"name":"wp","href":"https:\/\/api.w.org\/{rel}","templated":true}]}}