{"id":691,"date":"2010-09-14T15:51:54","date_gmt":"2010-09-14T15:51:54","guid":{"rendered":"http:\/\/lacuisinedejosy.fr\/com\/?p=691"},"modified":"2012-01-10T02:09:21","modified_gmt":"2012-01-10T01:09:21","slug":"tomates-confites-a-l-huile-d-olive-et-au-thym-photos","status":"publish","type":"post","link":"https:\/\/www.lacuisinedejosy.com\/index.php\/tomates-confites-a-l-huile-d-olive-et-au-thym-photos\/","title":{"rendered":"Tomates confites \u00e0 l&rsquo;huile d&rsquo;olive et au thym"},"content":{"rendered":"<p>&nbsp;<\/p>\n<p>Toutes les tomates conviennent pour cette recette, les plus grosses seront coup\u00e9es en deux ou en quatre\u00a0; toutefois les vari\u00e9t\u00e9s qui contiennent moins d&rsquo;eau et de graines sont pr\u00e9f\u00e9rables, le temps de cuisson sera plus court.<\/p>\n<p>Bien laver les tomates, enlever les p\u00e9doncules, les \u00e9bouillanter pour les peler.<\/p>\n<p>Les couper en deux et les disposer face coup\u00e9e sur les plaques \u00e0 four, saupoudrer de sel, de thym frais et arroser d&rsquo;un bon filet d&rsquo;huile d&rsquo;olive.<\/p>\n<p>Faire confire au four pr\u00e9chauff\u00e9 \u00e0 150\u00b0C pendant deux heures, puis baisser le thermostat \u00e0 100\u00b0C pendant encore une demi-heure ou une heure si n\u00e9cessaire. Mon four n&rsquo;a pas la graduation 120\u00b0C, sinon c&rsquo;est la temp\u00e9rature \u00e0 utiliser\u00a0! En cours de cuisson, on peut rajouter un petit filet d&rsquo;huile d&rsquo;olive pour que les tomates ne se dess\u00e8chent pas, le r\u00e9sultat doit \u00eatre des \u00ab\u00a0tomates confites\u00a0\u00bb\u00a0!<\/p>\n<p>Le temps de cuisson d\u00e9pend de la grosseur des tomates, de leur maturit\u00e9, et du four utilis\u00e9.<\/p>\n<p>Sur une plaque, si certaines tomates cuisent plus vite, il vaut mieux les enlever et poursuivre la cuisson des autres\u00a0; sinon les plus petites vont trop s\u00e9cher..<\/p>\n<p>Lorsque les tomates sont bien confites, il est possible de les garder quelques jours dans le r\u00e9frig\u00e9rateur\u00a0; je pr\u00e9f\u00e8re en faire beaucoup afin de rentabiliser la mise en route du four, je les dispose dans des petits bocaux, je rajoute une branche de thym et un filet d&rsquo;huile d&rsquo;olive et je fais st\u00e9riliser une demi-heure\u00a0; ainsi la conservation peut durer plus d&rsquo;un an, c&rsquo;est pratique pour en avoir toujours sous la main.<\/p>\n<style type=\"text\/css\">\n\t\t\t#gallery-1 {\n\t\t\t\tmargin: auto;\n\t\t\t}\n\t\t\t#gallery-1 .gallery-item {\n\t\t\t\tfloat: left;\n\t\t\t\tmargin-top: 10px;\n\t\t\t\ttext-align: center;\n\t\t\t\twidth: 33%;\n\t\t\t}\n\t\t\t#gallery-1 img {\n\t\t\t\tborder: 2px solid #cfcfcf;\n\t\t\t}\n\t\t\t#gallery-1 .gallery-caption {\n\t\t\t\tmargin-left: 0;\n\t\t\t}\n\t\t\t\/* see gallery_shortcode() in wp-includes\/media.php *\/\n\t\t<\/style>\n<div id='gallery-1' class='gallery galleryid-691 gallery-columns-3 gallery-size-thumbnail'>\n<dl class='gallery-item'>\n<dt class='gallery-icon landscape'>\n\t\t\t\t<a href='https:\/\/www.lacuisinedejosy.com\/wp-content\/uploads\/2010\/09\/Tomates-confites.jpg'><img decoding=\"async\" width=\"150\" height=\"150\" src=\"https:\/\/www.lacuisinedejosy.com\/wp-content\/uploads\/2010\/09\/Tomates-confites-150x150.jpg\" class=\"attachment-thumbnail size-thumbnail\" alt=\"\" \/><\/a>\n\t\t\t<\/dt>\n<\/dl>\n<dl class='gallery-item'>\n<dt class='gallery-icon landscape'>\n\t\t\t\t<a href='https:\/\/www.lacuisinedejosy.com\/wp-content\/uploads\/2010\/09\/Tomates-confites1.jpg'><img decoding=\"async\" width=\"150\" height=\"150\" src=\"https:\/\/www.lacuisinedejosy.com\/wp-content\/uploads\/2010\/09\/Tomates-confites1-150x150.jpg\" class=\"attachment-thumbnail size-thumbnail\" alt=\"\" \/><\/a>\n\t\t\t<\/dt>\n<\/dl>\n<dl class='gallery-item'>\n<dt class='gallery-icon landscape'>\n\t\t\t\t<a href='https:\/\/www.lacuisinedejosy.com\/wp-content\/uploads\/2010\/09\/Tomates-confites2.jpg'><img decoding=\"async\" width=\"150\" height=\"150\" src=\"https:\/\/www.lacuisinedejosy.com\/wp-content\/uploads\/2010\/09\/Tomates-confites2-150x150.jpg\" class=\"attachment-thumbnail size-thumbnail\" alt=\"\" \/><\/a>\n\t\t\t<\/dt>\n<\/dl>\n<p><br style=\"clear: both\" \/><\/p>\n<dl class='gallery-item'>\n<dt class='gallery-icon landscape'>\n\t\t\t\t<a href='https:\/\/www.lacuisinedejosy.com\/wp-content\/uploads\/2010\/09\/Tomates-confites3.jpg'><img loading=\"lazy\" decoding=\"async\" width=\"150\" height=\"150\" src=\"https:\/\/www.lacuisinedejosy.com\/wp-content\/uploads\/2010\/09\/Tomates-confites3-150x150.jpg\" class=\"attachment-thumbnail size-thumbnail\" alt=\"\" \/><\/a>\n\t\t\t<\/dt>\n<\/dl>\n<dl class='gallery-item'>\n<dt class='gallery-icon landscape'>\n\t\t\t\t<a href='https:\/\/www.lacuisinedejosy.com\/wp-content\/uploads\/2010\/09\/Tomates-confites4.jpg'><img loading=\"lazy\" decoding=\"async\" width=\"150\" height=\"150\" src=\"https:\/\/www.lacuisinedejosy.com\/wp-content\/uploads\/2010\/09\/Tomates-confites4-150x150.jpg\" class=\"attachment-thumbnail size-thumbnail\" alt=\"\" \/><\/a>\n\t\t\t<\/dt>\n<\/dl>\n<dl class='gallery-item'>\n<dt class='gallery-icon landscape'>\n\t\t\t\t<a href='https:\/\/www.lacuisinedejosy.com\/wp-content\/uploads\/2010\/09\/Tomates-confites5.jpg'><img loading=\"lazy\" decoding=\"async\" width=\"150\" height=\"150\" src=\"https:\/\/www.lacuisinedejosy.com\/wp-content\/uploads\/2010\/09\/Tomates-confites5-150x150.jpg\" class=\"attachment-thumbnail size-thumbnail\" alt=\"\" \/><\/a>\n\t\t\t<\/dt>\n<\/dl>\n<p><br style=\"clear: both\" \/>\n\t\t<\/div>\n","protected":false},"excerpt":{"rendered":"<p>&nbsp; Toutes les tomates conviennent pour cette recette, les plus grosses seront coup\u00e9es en deux ou en quatre\u00a0; toutefois les vari\u00e9t\u00e9s qui contiennent moins d&rsquo;eau et de graines&#8230; <a href=\"https:\/\/www.lacuisinedejosy.com\/index.php\/tomates-confites-a-l-huile-d-olive-et-au-thym-photos\/\">Read More &raquo;<\/a><\/p>\n","protected":false},"author":1,"featured_media":893,"comment_status":"open","ping_status":"open","sticky":false,"template":"","format":"standard","meta":{"footnotes":""},"categories":[12],"tags":[158,35],"class_list":["post-691","post","type-post","status-publish","format-standard","has-post-thumbnail","hentry","category-inclassables","tag-thym","tag-tomate"],"_links":{"self":[{"href":"https:\/\/www.lacuisinedejosy.com\/index.php\/wp-json\/wp\/v2\/posts\/691","targetHints":{"allow":["GET"]}}],"collection":[{"href":"https:\/\/www.lacuisinedejosy.com\/index.php\/wp-json\/wp\/v2\/posts"}],"about":[{"href":"https:\/\/www.lacuisinedejosy.com\/index.php\/wp-json\/wp\/v2\/types\/post"}],"author":[{"embeddable":true,"href":"https:\/\/www.lacuisinedejosy.com\/index.php\/wp-json\/wp\/v2\/users\/1"}],"replies":[{"embeddable":true,"href":"https:\/\/www.lacuisinedejosy.com\/index.php\/wp-json\/wp\/v2\/comments?post=691"}],"version-history":[{"count":0,"href":"https:\/\/www.lacuisinedejosy.com\/index.php\/wp-json\/wp\/v2\/posts\/691\/revisions"}],"wp:featuredmedia":[{"embeddable":true,"href":"https:\/\/www.lacuisinedejosy.com\/index.php\/wp-json\/wp\/v2\/media\/893"}],"wp:attachment":[{"href":"https:\/\/www.lacuisinedejosy.com\/index.php\/wp-json\/wp\/v2\/media?parent=691"}],"wp:term":[{"taxonomy":"category","embeddable":true,"href":"https:\/\/www.lacuisinedejosy.com\/index.php\/wp-json\/wp\/v2\/categories?post=691"},{"taxonomy":"post_tag","embeddable":true,"href":"https:\/\/www.lacuisinedejosy.com\/index.php\/wp-json\/wp\/v2\/tags?post=691"}],"curies":[{"name":"wp","href":"https:\/\/api.w.org\/{rel}","templated":true}]}}