{"id":7,"date":"2006-04-02T18:18:29","date_gmt":"2006-04-02T18:18:29","guid":{"rendered":"http:\/\/lacuisinedejosy.fr\/com\/?p=7"},"modified":"2012-11-17T15:40:37","modified_gmt":"2012-11-17T14:40:37","slug":"la-crique-de-meme-renee","status":"publish","type":"post","link":"https:\/\/www.lacuisinedejosy.com\/index.php\/la-crique-de-meme-renee\/","title":{"rendered":"Crique"},"content":{"rendered":"<p>La recette de m\u00e9m\u00e9 Ren\u00e9e&#8230;<\/p>\n<p><!--more--><\/p>\n<p>Laver et \u00e9plucher un kilo de pommes de terre, les r\u00e2per avec une grille moyenne. Saler, poivrer.<\/p>\n<p>Ajouter des \u0153ufs dans ces pommes de terre r\u00e2p\u00e9es, on peut en mettre quatre, ou cinq, ou huit, mais dix maxi\u00a0! c&rsquo;est selon l&rsquo;app\u00e9tit ou les ressources&#8230;<\/p>\n<p>Cuire dans une ou deux po\u00eales bien huil\u00e9es. A mi-cuisson, retourner la galette en se servant d\u2019une assiette, remettre \u00e0 cuire le deuxi\u00e8me c\u00f4t\u00e9, \u00e0 nouveau dans un peu d\u2019huile.<\/p>\n<p>Servir chaud avec une salade verte. Cette crique est aussi d\u00e9licieuse froide pour un pique-nique.<\/p>\n<style type=\"text\/css\">\n\t\t\t#gallery-1 {\n\t\t\t\tmargin: auto;\n\t\t\t}\n\t\t\t#gallery-1 .gallery-item {\n\t\t\t\tfloat: left;\n\t\t\t\tmargin-top: 10px;\n\t\t\t\ttext-align: center;\n\t\t\t\twidth: 33%;\n\t\t\t}\n\t\t\t#gallery-1 img {\n\t\t\t\tborder: 2px solid #cfcfcf;\n\t\t\t}\n\t\t\t#gallery-1 .gallery-caption {\n\t\t\t\tmargin-left: 0;\n\t\t\t}\n\t\t\t\/* see gallery_shortcode() in wp-includes\/media.php *\/\n\t\t<\/style>\n<div id='gallery-1' class='gallery galleryid-7 gallery-columns-3 gallery-size-thumbnail'>\n<dl class='gallery-item'>\n<dt class='gallery-icon portrait'>\n\t\t\t\t<a href='https:\/\/www.lacuisinedejosy.com\/wp-content\/uploads\/2006\/04\/1.jpg'><img decoding=\"async\" width=\"150\" height=\"150\" src=\"https:\/\/www.lacuisinedejosy.com\/wp-content\/uploads\/2006\/04\/1-150x150.jpg\" class=\"attachment-thumbnail size-thumbnail\" alt=\"\" \/><\/a>\n\t\t\t<\/dt>\n<\/dl>\n<dl class='gallery-item'>\n<dt class='gallery-icon landscape'>\n\t\t\t\t<a href='https:\/\/www.lacuisinedejosy.com\/wp-content\/uploads\/2006\/04\/2.jpg'><img decoding=\"async\" width=\"150\" height=\"150\" src=\"https:\/\/www.lacuisinedejosy.com\/wp-content\/uploads\/2006\/04\/2-150x150.jpg\" class=\"attachment-thumbnail size-thumbnail\" alt=\"\" \/><\/a>\n\t\t\t<\/dt>\n<\/dl>\n<dl class='gallery-item'>\n<dt class='gallery-icon landscape'>\n\t\t\t\t<a href='https:\/\/www.lacuisinedejosy.com\/wp-content\/uploads\/2006\/04\/3.jpg'><img decoding=\"async\" width=\"150\" height=\"150\" src=\"https:\/\/www.lacuisinedejosy.com\/wp-content\/uploads\/2006\/04\/3-150x150.jpg\" class=\"attachment-thumbnail size-thumbnail\" alt=\"\" \/><\/a>\n\t\t\t<\/dt>\n<\/dl>\n<p><br style=\"clear: both\" \/><\/p>\n<dl class='gallery-item'>\n<dt class='gallery-icon landscape'>\n\t\t\t\t<a href='https:\/\/www.lacuisinedejosy.com\/wp-content\/uploads\/2006\/04\/4.jpg'><img loading=\"lazy\" decoding=\"async\" width=\"150\" height=\"150\" src=\"https:\/\/www.lacuisinedejosy.com\/wp-content\/uploads\/2006\/04\/4-150x150.jpg\" class=\"attachment-thumbnail size-thumbnail\" alt=\"\" \/><\/a>\n\t\t\t<\/dt>\n<\/dl>\n<dl class='gallery-item'>\n<dt class='gallery-icon landscape'>\n\t\t\t\t<a href='https:\/\/www.lacuisinedejosy.com\/wp-content\/uploads\/2006\/04\/5.jpg'><img loading=\"lazy\" decoding=\"async\" width=\"150\" height=\"150\" src=\"https:\/\/www.lacuisinedejosy.com\/wp-content\/uploads\/2006\/04\/5-150x150.jpg\" class=\"attachment-thumbnail size-thumbnail\" alt=\"\" \/><\/a>\n\t\t\t<\/dt>\n<\/dl>\n<dl class='gallery-item'>\n<dt class='gallery-icon landscape'>\n\t\t\t\t<a href='https:\/\/www.lacuisinedejosy.com\/wp-content\/uploads\/2006\/04\/6.jpg'><img loading=\"lazy\" decoding=\"async\" width=\"150\" height=\"150\" src=\"https:\/\/www.lacuisinedejosy.com\/wp-content\/uploads\/2006\/04\/6-150x150.jpg\" class=\"attachment-thumbnail size-thumbnail\" alt=\"Crique\" \/><\/a>\n\t\t\t<\/dt>\n<\/dl>\n<p><br style=\"clear: both\" \/>\n\t\t<\/div>\n<p><em>La vraie recette de la crique ne comporte pas d\u2019\u0153ufs, mais on peut ajouter des oignons \u00e9minc\u00e9s, de la ciboulette cisel\u00e9e, la cuisson se fait souvent par petits tas dans une grande po\u00eale huil\u00e9e, on obtient ce que l\u2019on appelle des \u00ab\u00a0pommes paillasson \u00bb \u00e0 servir en garniture d\u2019une viande grill\u00e9e.<\/em><\/p>\n","protected":false},"excerpt":{"rendered":"<p>La recette de m\u00e9m\u00e9 Ren\u00e9e&#8230;<\/p>\n","protected":false},"author":1,"featured_media":4086,"comment_status":"open","ping_status":"open","sticky":false,"template":"","format":"standard","meta":{"footnotes":""},"categories":[14],"tags":[86,231],"class_list":["post-7","post","type-post","status-publish","format-standard","has-post-thumbnail","hentry","category-les-oeufs","tag-oeuf","tag-pomme-de-terre"],"_links":{"self":[{"href":"https:\/\/www.lacuisinedejosy.com\/index.php\/wp-json\/wp\/v2\/posts\/7","targetHints":{"allow":["GET"]}}],"collection":[{"href":"https:\/\/www.lacuisinedejosy.com\/index.php\/wp-json\/wp\/v2\/posts"}],"about":[{"href":"https:\/\/www.lacuisinedejosy.com\/index.php\/wp-json\/wp\/v2\/types\/post"}],"author":[{"embeddable":true,"href":"https:\/\/www.lacuisinedejosy.com\/index.php\/wp-json\/wp\/v2\/users\/1"}],"replies":[{"embeddable":true,"href":"https:\/\/www.lacuisinedejosy.com\/index.php\/wp-json\/wp\/v2\/comments?post=7"}],"version-history":[{"count":0,"href":"https:\/\/www.lacuisinedejosy.com\/index.php\/wp-json\/wp\/v2\/posts\/7\/revisions"}],"wp:featuredmedia":[{"embeddable":true,"href":"https:\/\/www.lacuisinedejosy.com\/index.php\/wp-json\/wp\/v2\/media\/4086"}],"wp:attachment":[{"href":"https:\/\/www.lacuisinedejosy.com\/index.php\/wp-json\/wp\/v2\/media?parent=7"}],"wp:term":[{"taxonomy":"category","embeddable":true,"href":"https:\/\/www.lacuisinedejosy.com\/index.php\/wp-json\/wp\/v2\/categories?post=7"},{"taxonomy":"post_tag","embeddable":true,"href":"https:\/\/www.lacuisinedejosy.com\/index.php\/wp-json\/wp\/v2\/tags?post=7"}],"curies":[{"name":"wp","href":"https:\/\/api.w.org\/{rel}","templated":true}]}}