{"id":70,"date":"2006-04-03T20:16:56","date_gmt":"2006-04-03T20:16:56","guid":{"rendered":"http:\/\/lacuisinedejosy.fr\/com\/?p=70"},"modified":"2012-01-10T13:30:18","modified_gmt":"2012-01-10T12:30:18","slug":"pommes-de-terre-de-josy","status":"publish","type":"post","link":"https:\/\/www.lacuisinedejosy.com\/index.php\/pommes-de-terre-de-josy\/","title":{"rendered":"Pommes de terre au paprika"},"content":{"rendered":"<p>Four pr\u00e9chauff\u00e9 \u00e0 200\u00b0.<\/p>\n<p>Il faut cinq grosses pommes de terre, bien lav\u00e9es mais non \u00e9pluch\u00e9es.<\/p>\n<p>Les couper en deux, en quatre, puis en huit, toujours dans le sens de la longueur.<\/p>\n<p>Les mettre dans un saladier, les saupoudrer d\u2019une cuiller\u00e9e \u00e0 caf\u00e9 de paprika, de deux ou trois cuiller\u00e9es \u00e0 soupe d\u2019huile d\u2019olive et d\u2019une pinc\u00e9e de sel. Bien m\u00e9langer directement avec les mains puis les disposer dans un plat allant au four.<\/p>\n<p>Mettre dans au four pour vingt minutes environ.<\/p>\n<p>Au bout de ce temps, ajouter des lardons en les r\u00e9partissant sur toute la surface du plat, remettre au four de nouveau pour une vingtaine de minutes.<\/p>\n<p>Ensuite, r\u00e2per du gruy\u00e8re et saupoudrer tout le gratin, puis remettre quelques minutes au four pour faire fondre le fromage. Saler &amp; poivrer au go\u00fbt.<\/p>\n<p>Ce plat peut \u00eatre servi sans lardons et sans gruy\u00e8re.<\/p>\n","protected":false},"excerpt":{"rendered":"<p>Four pr\u00e9chauff\u00e9 \u00e0 200\u00b0. Il faut cinq grosses pommes de terre, bien lav\u00e9es mais non \u00e9pluch\u00e9es. Les couper en deux, en quatre, puis en huit, toujours dans le&#8230; <a href=\"https:\/\/www.lacuisinedejosy.com\/index.php\/pommes-de-terre-de-josy\/\">Read More &raquo;<\/a><\/p>\n","protected":false},"author":1,"featured_media":0,"comment_status":"open","ping_status":"open","sticky":false,"template":"","format":"standard","meta":{"footnotes":""},"categories":[13],"tags":[143,231],"class_list":["post-70","post","type-post","status-publish","format-standard","hentry","category-pates-riz-pommes-de-terre","tag-paprika","tag-pomme-de-terre"],"_links":{"self":[{"href":"https:\/\/www.lacuisinedejosy.com\/index.php\/wp-json\/wp\/v2\/posts\/70","targetHints":{"allow":["GET"]}}],"collection":[{"href":"https:\/\/www.lacuisinedejosy.com\/index.php\/wp-json\/wp\/v2\/posts"}],"about":[{"href":"https:\/\/www.lacuisinedejosy.com\/index.php\/wp-json\/wp\/v2\/types\/post"}],"author":[{"embeddable":true,"href":"https:\/\/www.lacuisinedejosy.com\/index.php\/wp-json\/wp\/v2\/users\/1"}],"replies":[{"embeddable":true,"href":"https:\/\/www.lacuisinedejosy.com\/index.php\/wp-json\/wp\/v2\/comments?post=70"}],"version-history":[{"count":0,"href":"https:\/\/www.lacuisinedejosy.com\/index.php\/wp-json\/wp\/v2\/posts\/70\/revisions"}],"wp:attachment":[{"href":"https:\/\/www.lacuisinedejosy.com\/index.php\/wp-json\/wp\/v2\/media?parent=70"}],"wp:term":[{"taxonomy":"category","embeddable":true,"href":"https:\/\/www.lacuisinedejosy.com\/index.php\/wp-json\/wp\/v2\/categories?post=70"},{"taxonomy":"post_tag","embeddable":true,"href":"https:\/\/www.lacuisinedejosy.com\/index.php\/wp-json\/wp\/v2\/tags?post=70"}],"curies":[{"name":"wp","href":"https:\/\/api.w.org\/{rel}","templated":true}]}}